{"id":1923,"date":"2023-10-13T13:58:31","date_gmt":"2023-10-13T13:58:31","guid":{"rendered":"https:\/\/afjminternacional.com\/?p=1923"},"modified":"2023-10-13T13:58:33","modified_gmt":"2023-10-13T13:58:33","slug":"afjm-senda-murcia-espana","status":"publish","type":"post","link":"https:\/\/afjminternacional.com\/?p=1923","title":{"rendered":"AFJM Senda Murcia, Espa\u00f1a"},"content":{"rendered":"\n<figure class=\"wp-block-image size-large\"><img fetchpriority=\"high\" decoding=\"async\" width=\"1024\" height=\"772\" src=\"https:\/\/afjminternacional.com\/wp-content\/uploads\/2023\/10\/Grupo-Senda-Murcia-1024x772.jpg\" alt=\"\" class=\"wp-image-1924\" srcset=\"https:\/\/afjminternacional.com\/wp-content\/uploads\/2023\/10\/Grupo-Senda-Murcia-1024x772.jpg 1024w, https:\/\/afjminternacional.com\/wp-content\/uploads\/2023\/10\/Grupo-Senda-Murcia-300x226.jpg 300w, https:\/\/afjminternacional.com\/wp-content\/uploads\/2023\/10\/Grupo-Senda-Murcia-768x579.jpg 768w, https:\/\/afjminternacional.com\/wp-content\/uploads\/2023\/10\/Grupo-Senda-Murcia-1536x1158.jpg 1536w, https:\/\/afjminternacional.com\/wp-content\/uploads\/2023\/10\/Grupo-Senda-Murcia-600x452.jpg 600w, https:\/\/afjminternacional.com\/wp-content\/uploads\/2023\/10\/Grupo-Senda-Murcia-861x649.jpg 861w, https:\/\/afjminternacional.com\/wp-content\/uploads\/2023\/10\/Grupo-Senda-Murcia.jpg 1600w\" sizes=\"(max-width: 1024px) 100vw, 1024px\" \/><\/figure>\n\n\n\n<p>El grupo AFJM Senda de Murcia, Espa\u00f1a, ha comenzado sus reuniones en torno al comentario e informaci\u00f3n de la actividad Palabras Contagiosas que se celebr\u00f3 en Alicante el 30 de septiembre de 2023. En este caso no pudo estar la religiosa, Hna. Carmen Nicol\u00e1s, por estar fuera recuper\u00e1ndose, pero ha estado con ellas en el coraz\u00f3n, pues son un grupo muy unido y alegre, que colaboran con el comedor de Kami confeccionando babys para los ni\u00f1os.<\/p>\n","protected":false},"excerpt":{"rendered":"<p>El grupo AFJM Senda de Murcia, Espa\u00f1a, ha comenzado sus reuniones en torno al comentario e informaci\u00f3n de la actividad Palabras Contagiosas que se celebr\u00f3 en Alicante el 30 de septiembre de 2023. En este caso no pudo estar la religiosa, Hna. Carmen Nicol\u00e1s, por estar fuera recuper\u00e1ndose, pero ha estado con ellas en el [&hellip;]<\/p>\n","protected":false},"author":1,"featured_media":1924,"comment_status":"open","ping_status":"open","sticky":false,"template":"","format":"standard","meta":{"site-sidebar-layout":"default","site-content-layout":"","ast-site-content-layout":"default","site-content-style":"default","site-sidebar-style":"default","ast-global-header-display":"","ast-banner-title-visibility":"","ast-main-header-display":"","ast-hfb-above-header-display":"","ast-hfb-below-header-display":"","ast-hfb-mobile-header-display":"","site-post-title":"","ast-breadcrumbs-content":"","ast-featured-img":"","footer-sml-layout":"","theme-transparent-header-meta":"","adv-header-id-meta":"","stick-header-meta":"","header-above-stick-meta":"","header-main-stick-meta":"","header-below-stick-meta":"","astra-migrate-meta-layouts":"set","ast-page-background-enabled":"default","ast-page-background-meta":{"desktop":{"background-color":"var(--ast-global-color-4)","background-image":"","background-repeat":"repeat","background-position":"center center","background-size":"auto","background-attachment":"scroll","background-type":"","background-media":"","overlay-type":"","overlay-color":"","overlay-opacity":"","overlay-gradient":""},"tablet":{"background-color":"","background-image":"","background-repeat":"repeat","background-position":"center center","background-size":"auto","background-attachment":"scroll","background-type":"","background-media":"","overlay-type":"","overlay-color":"","overlay-opacity":"","overlay-gradient":""},"mobile":{"background-color":"","background-image":"","background-repeat":"repeat","background-position":"center center","background-size":"auto","background-attachment":"scroll","background-type":"","background-media":"","overlay-type":"","overlay-color":"","overlay-opacity":"","overlay-gradient":""}},"ast-content-background-meta":{"desktop":{"background-color":"var(--ast-global-color-5)","background-image":"","background-repeat":"repeat","background-position":"center center","background-size":"auto","background-attachment":"scroll","background-type":"","background-media":"","overlay-type":"","overlay-color":"","overlay-opacity":"","overlay-gradient":""},"tablet":{"background-color":"var(--ast-global-color-5)","background-image":"","background-repeat":"repeat","background-position":"center center","background-size":"auto","background-attachment":"scroll","background-type":"","background-media":"","overlay-type":"","overlay-color":"","overlay-opacity":"","overlay-gradient":""},"mobile":{"background-color":"var(--ast-global-color-5)","background-image":"","background-repeat":"repeat","background-position":"center center","background-size":"auto","background-attachment":"scroll","background-type":"","background-media":"","overlay-type":"","overlay-color":"","overlay-opacity":"","overlay-gradient":""}},"footnotes":""},"categories":[5],"tags":[],"class_list":["post-1923","post","type-post","status-publish","format-standard","has-post-thumbnail","hentry","category-noticias"],"aioseo_notices":[],"_links":{"self":[{"href":"https:\/\/afjminternacional.com\/index.php?rest_route=\/wp\/v2\/posts\/1923","targetHints":{"allow":["GET"]}}],"collection":[{"href":"https:\/\/afjminternacional.com\/index.php?rest_route=\/wp\/v2\/posts"}],"about":[{"href":"https:\/\/afjminternacional.com\/index.php?rest_route=\/wp\/v2\/types\/post"}],"author":[{"embeddable":true,"href":"https:\/\/afjminternacional.com\/index.php?rest_route=\/wp\/v2\/users\/1"}],"replies":[{"embeddable":true,"href":"https:\/\/afjminternacional.com\/index.php?rest_route=%2Fwp%2Fv2%2Fcomments&post=1923"}],"version-history":[{"count":1,"href":"https:\/\/afjminternacional.com\/index.php?rest_route=\/wp\/v2\/posts\/1923\/revisions"}],"predecessor-version":[{"id":1925,"href":"https:\/\/afjminternacional.com\/index.php?rest_route=\/wp\/v2\/posts\/1923\/revisions\/1925"}],"wp:featuredmedia":[{"embeddable":true,"href":"https:\/\/afjminternacional.com\/index.php?rest_route=\/wp\/v2\/media\/1924"}],"wp:attachment":[{"href":"https:\/\/afjminternacional.com\/index.php?rest_route=%2Fwp%2Fv2%2Fmedia&parent=1923"}],"wp:term":[{"taxonomy":"category","embeddable":true,"href":"https:\/\/afjminternacional.com\/index.php?rest_route=%2Fwp%2Fv2%2Fcategories&post=1923"},{"taxonomy":"post_tag","embeddable":true,"href":"https:\/\/afjminternacional.com\/index.php?rest_route=%2Fwp%2Fv2%2Ftags&post=1923"}],"curies":[{"name":"wp","href":"https:\/\/api.w.org\/{rel}","templated":true}]}}