{"id":1920,"date":"2023-10-13T13:50:05","date_gmt":"2023-10-13T13:50:05","guid":{"rendered":"https:\/\/afjminternacional.com\/?p=1920"},"modified":"2023-10-13T13:50:06","modified_gmt":"2023-10-13T13:50:06","slug":"encuentro-de-los-grupos-afjm-de-barcelona-y-badalona","status":"publish","type":"post","link":"https:\/\/afjminternacional.com\/?p=1920","title":{"rendered":"Encuentro de los grupos AFJM de Barcelona y Badalona"},"content":{"rendered":"\n<figure class=\"wp-block-image size-large\"><img fetchpriority=\"high\" decoding=\"async\" width=\"1024\" height=\"768\" src=\"https:\/\/afjminternacional.com\/wp-content\/uploads\/2023\/10\/AFJM-Barcelona-1024x768.jpg\" alt=\"\" class=\"wp-image-1921\" srcset=\"https:\/\/afjminternacional.com\/wp-content\/uploads\/2023\/10\/AFJM-Barcelona-1024x768.jpg 1024w, https:\/\/afjminternacional.com\/wp-content\/uploads\/2023\/10\/AFJM-Barcelona-300x225.jpg 300w, https:\/\/afjminternacional.com\/wp-content\/uploads\/2023\/10\/AFJM-Barcelona-768x576.jpg 768w, https:\/\/afjminternacional.com\/wp-content\/uploads\/2023\/10\/AFJM-Barcelona-1536x1152.jpg 1536w, https:\/\/afjminternacional.com\/wp-content\/uploads\/2023\/10\/AFJM-Barcelona-600x450.jpg 600w, https:\/\/afjminternacional.com\/wp-content\/uploads\/2023\/10\/AFJM-Barcelona-865x649.jpg 865w, https:\/\/afjminternacional.com\/wp-content\/uploads\/2023\/10\/AFJM-Barcelona.jpg 2048w\" sizes=\"(max-width: 1024px) 100vw, 1024px\" \/><\/figure>\n\n\n\n<p>El 7 de octubre se reunieron en El Brull los cinco grupos de Barcelona y Badalona para el inicio conjunto del nuevo curso. Fue un encuentro lleno de vida en plena naturaleza que les ayud\u00f3 a participar en la propuesta anual del Papa, \u201cTiempo de la creaci\u00f3n\u201d, mediante diversas actividades y con presencia de personas de todas las edades. Fue un d\u00eda genial y se desprende que hay mucha alegr\u00eda y esperanza en el futuro de la AFJM. Comparten con todos una bonita fotograf\u00eda del buen d\u00eda que pasaron juntos.<\/p>\n","protected":false},"excerpt":{"rendered":"<p>El 7 de octubre se reunieron en El Brull los cinco grupos de Barcelona y Badalona para el inicio conjunto del nuevo curso. Fue un encuentro lleno de vida en plena naturaleza que les ayud\u00f3 a participar en la propuesta anual del Papa, \u201cTiempo de la creaci\u00f3n\u201d, mediante diversas actividades y con presencia de personas [&hellip;]<\/p>\n","protected":false},"author":1,"featured_media":1921,"comment_status":"open","ping_status":"open","sticky":false,"template":"","format":"standard","meta":{"site-sidebar-layout":"default","site-content-layout":"","ast-site-content-layout":"default","site-content-style":"default","site-sidebar-style":"default","ast-global-header-display":"","ast-banner-title-visibility":"","ast-main-header-display":"","ast-hfb-above-header-display":"","ast-hfb-below-header-display":"","ast-hfb-mobile-header-display":"","site-post-title":"","ast-breadcrumbs-content":"","ast-featured-img":"","footer-sml-layout":"","theme-transparent-header-meta":"","adv-header-id-meta":"","stick-header-meta":"","header-above-stick-meta":"","header-main-stick-meta":"","header-below-stick-meta":"","astra-migrate-meta-layouts":"set","ast-page-background-enabled":"default","ast-page-background-meta":{"desktop":{"background-color":"var(--ast-global-color-4)","background-image":"","background-repeat":"repeat","background-position":"center center","background-size":"auto","background-attachment":"scroll","background-type":"","background-media":"","overlay-type":"","overlay-color":"","overlay-opacity":"","overlay-gradient":""},"tablet":{"background-color":"","background-image":"","background-repeat":"repeat","background-position":"center center","background-size":"auto","background-attachment":"scroll","background-type":"","background-media":"","overlay-type":"","overlay-color":"","overlay-opacity":"","overlay-gradient":""},"mobile":{"background-color":"","background-image":"","background-repeat":"repeat","background-position":"center center","background-size":"auto","background-attachment":"scroll","background-type":"","background-media":"","overlay-type":"","overlay-color":"","overlay-opacity":"","overlay-gradient":""}},"ast-content-background-meta":{"desktop":{"background-color":"var(--ast-global-color-5)","background-image":"","background-repeat":"repeat","background-position":"center center","background-size":"auto","background-attachment":"scroll","background-type":"","background-media":"","overlay-type":"","overlay-color":"","overlay-opacity":"","overlay-gradient":""},"tablet":{"background-color":"var(--ast-global-color-5)","background-image":"","background-repeat":"repeat","background-position":"center center","background-size":"auto","background-attachment":"scroll","background-type":"","background-media":"","overlay-type":"","overlay-color":"","overlay-opacity":"","overlay-gradient":""},"mobile":{"background-color":"var(--ast-global-color-5)","background-image":"","background-repeat":"repeat","background-position":"center center","background-size":"auto","background-attachment":"scroll","background-type":"","background-media":"","overlay-type":"","overlay-color":"","overlay-opacity":"","overlay-gradient":""}},"footnotes":""},"categories":[5],"tags":[],"class_list":["post-1920","post","type-post","status-publish","format-standard","has-post-thumbnail","hentry","category-noticias"],"aioseo_notices":[],"_links":{"self":[{"href":"https:\/\/afjminternacional.com\/index.php?rest_route=\/wp\/v2\/posts\/1920","targetHints":{"allow":["GET"]}}],"collection":[{"href":"https:\/\/afjminternacional.com\/index.php?rest_route=\/wp\/v2\/posts"}],"about":[{"href":"https:\/\/afjminternacional.com\/index.php?rest_route=\/wp\/v2\/types\/post"}],"author":[{"embeddable":true,"href":"https:\/\/afjminternacional.com\/index.php?rest_route=\/wp\/v2\/users\/1"}],"replies":[{"embeddable":true,"href":"https:\/\/afjminternacional.com\/index.php?rest_route=%2Fwp%2Fv2%2Fcomments&post=1920"}],"version-history":[{"count":1,"href":"https:\/\/afjminternacional.com\/index.php?rest_route=\/wp\/v2\/posts\/1920\/revisions"}],"predecessor-version":[{"id":1922,"href":"https:\/\/afjminternacional.com\/index.php?rest_route=\/wp\/v2\/posts\/1920\/revisions\/1922"}],"wp:featuredmedia":[{"embeddable":true,"href":"https:\/\/afjminternacional.com\/index.php?rest_route=\/wp\/v2\/media\/1921"}],"wp:attachment":[{"href":"https:\/\/afjminternacional.com\/index.php?rest_route=%2Fwp%2Fv2%2Fmedia&parent=1920"}],"wp:term":[{"taxonomy":"category","embeddable":true,"href":"https:\/\/afjminternacional.com\/index.php?rest_route=%2Fwp%2Fv2%2Fcategories&post=1920"},{"taxonomy":"post_tag","embeddable":true,"href":"https:\/\/afjminternacional.com\/index.php?rest_route=%2Fwp%2Fv2%2Ftags&post=1920"}],"curies":[{"name":"wp","href":"https:\/\/api.w.org\/{rel}","templated":true}]}}