{"id":1914,"date":"2023-10-11T15:34:23","date_gmt":"2023-10-11T15:34:23","guid":{"rendered":"https:\/\/afjminternacional.com\/?p=1914"},"modified":"2023-10-11T15:34:24","modified_gmt":"2023-10-11T15:34:24","slug":"encuentros-con-responsables-afjm-a-nivel-provincial-delegacion-5","status":"publish","type":"post","link":"https:\/\/afjminternacional.com\/?p=1914","title":{"rendered":"Encuentros con responsables AFJM, a nivel Provincial \/ Delegaci\u00f3n"},"content":{"rendered":"\n<h2 class=\"wp-block-heading\"><strong>Mes de Octubre<\/strong><\/h2>\n\n\n\n<blockquote class=\"wp-block-quote is-layout-flow wp-block-quote-is-layout-flow\">\n<p>Continuamos con nuestras reuniones con los responsables de la AFJM a nivel provincial.<\/p>\n\n\n\n<p>Ya vamos llegando al final\u2026 \u00a1Vamos a extra\u00f1ar estos encuentros tan cercanos y entra\u00f1ables!<\/p>\n\n\n\n<p>\u00a1Muchas gracias por su disponibilidad, por superar los obst\u00e1culos de los idiomas, por favorecer el ENCUENTRO!<\/p>\n\n\n\n<p><em>Consuelo Mengual y Alejandra Diaz rjm<\/em><\/p>\n<\/blockquote>\n\n\n\n<div class=\"wp-block-media-text alignwide is-stacked-on-mobile is-vertically-aligned-top\" style=\"grid-template-columns:60% auto\"><figure class=\"wp-block-media-text__media\"><img fetchpriority=\"high\" decoding=\"async\" width=\"1024\" height=\"555\" src=\"https:\/\/afjminternacional.com\/wp-content\/uploads\/2023\/10\/AFJM-Kolkata-1024x555.png\" alt=\"\" class=\"wp-image-1915 size-full\" srcset=\"https:\/\/afjminternacional.com\/wp-content\/uploads\/2023\/10\/AFJM-Kolkata-1024x555.png 1024w, https:\/\/afjminternacional.com\/wp-content\/uploads\/2023\/10\/AFJM-Kolkata-300x163.png 300w, https:\/\/afjminternacional.com\/wp-content\/uploads\/2023\/10\/AFJM-Kolkata-768x416.png 768w, https:\/\/afjminternacional.com\/wp-content\/uploads\/2023\/10\/AFJM-Kolkata-1536x832.png 1536w, https:\/\/afjminternacional.com\/wp-content\/uploads\/2023\/10\/AFJM-Kolkata-600x325.png 600w, https:\/\/afjminternacional.com\/wp-content\/uploads\/2023\/10\/AFJM-Kolkata-1198x649.png 1198w, https:\/\/afjminternacional.com\/wp-content\/uploads\/2023\/10\/AFJM-Kolkata.png 1905w\" sizes=\"(max-width: 1024px) 100vw, 1024px\" \/><\/figure><div class=\"wp-block-media-text__content\">\n<p class=\"has-text-align-left\"><strong>AFJM, Viceprovincia de Kolkata<\/strong> &#8211; Esta Viceprovincia desarrolla su misi\u00f3n en 3 pa\u00edses: Filipinas, India y Timor oriental. \u00a1Pudimos encontrarnos con las responsables de la AFJM en cada uno ellos! En cada pa\u00eds la realidad de la AFJM es distinta, pero en todos existe el mismo esp\u00edritu de Claudina. Est\u00e1n naciendo nuevos grupos en torno a nuevas presencias de Jes\u00fas-Mar\u00eda.<\/p>\n\n\n\n<p class=\"has-text-align-left\"><em>Est\u00e1n abri\u00e9ndose como grupo, a responder al clamor de los pobres.<\/em><\/p>\n\n\n\n<p class=\"has-text-align-center\"><em><strong>Y tu grupo,<\/strong><\/em> <em><strong>\u00bftiene una misi\u00f3n en favor de los m\u00e1s necesitados?<\/strong><\/em><\/p>\n<\/div><\/div>\n\n\n\n<div class=\"wp-block-media-text alignwide has-media-on-the-right is-stacked-on-mobile is-vertically-aligned-top\" style=\"grid-template-columns:auto 60%\"><div class=\"wp-block-media-text__content\">\n<p><mark style=\"background-color:rgba(0, 0, 0, 0)\" class=\"has-inline-color has-ast-global-color-8-color\"><strong>AFJM, Provincia de Pakist\u00e1n<\/strong> &#8211;<\/mark> Los miembros de los distintos grupos son estables y despu\u00e9s de la pandemia se les dificulta encontrarse y sumar nuevos miembros. Est\u00e1n buscando la manera de contar con j\u00f3venes en los grupos. Ellos leen liturgia cotidiana y participan en actividades de la Iglesia.  Quieren favorecer su formaci\u00f3n en el liderazgo y est\u00e1n planeando actividades para encontrarse todos los grupos de la Provincia.<\/p>\n\n\n\n<p><em>Les han pedido un retiro espiritual.<\/em><\/p>\n\n\n\n<p class=\"has-text-align-center\"><strong><em>\u00a1Qu\u00e9 hermosa oportunidad de encontrarse todos los miembros de la Provincia para rezar juntos y crecer en la pertenencia a Jes\u00fas-Mar\u00eda!<\/em><\/strong><\/p>\n<\/div><figure class=\"wp-block-media-text__media\"><img decoding=\"async\" width=\"1024\" height=\"548\" src=\"https:\/\/afjminternacional.com\/wp-content\/uploads\/2023\/10\/AFJM-Pakistan-1024x548.png\" alt=\"\" class=\"wp-image-1916 size-full\" srcset=\"https:\/\/afjminternacional.com\/wp-content\/uploads\/2023\/10\/AFJM-Pakistan-1024x548.png 1024w, https:\/\/afjminternacional.com\/wp-content\/uploads\/2023\/10\/AFJM-Pakistan-300x161.png 300w, https:\/\/afjminternacional.com\/wp-content\/uploads\/2023\/10\/AFJM-Pakistan-768x411.png 768w, https:\/\/afjminternacional.com\/wp-content\/uploads\/2023\/10\/AFJM-Pakistan-1536x822.png 1536w, https:\/\/afjminternacional.com\/wp-content\/uploads\/2023\/10\/AFJM-Pakistan-600x321.png 600w, https:\/\/afjminternacional.com\/wp-content\/uploads\/2023\/10\/AFJM-Pakistan-1212x649.png 1212w, https:\/\/afjminternacional.com\/wp-content\/uploads\/2023\/10\/AFJM-Pakistan.png 1920w\" sizes=\"(max-width: 1024px) 100vw, 1024px\" \/><\/figure><\/div>\n","protected":false},"excerpt":{"rendered":"<p>Mes de Octubre Continuamos con nuestras reuniones con los responsables de la AFJM a nivel provincial. Ya vamos llegando al final\u2026 \u00a1Vamos a extra\u00f1ar estos encuentros tan cercanos y entra\u00f1ables! \u00a1Muchas gracias por su disponibilidad, por superar los obst\u00e1culos de los idiomas, por favorecer el ENCUENTRO! Consuelo Mengual y Alejandra Diaz rjm AFJM, Viceprovincia de [&hellip;]<\/p>\n","protected":false},"author":1,"featured_media":1667,"comment_status":"open","ping_status":"closed","sticky":false,"template":"","format":"standard","meta":{"site-sidebar-layout":"default","site-content-layout":"default","ast-site-content-layout":"default","site-content-style":"default","site-sidebar-style":"default","ast-global-header-display":"","ast-banner-title-visibility":"","ast-main-header-display":"","ast-hfb-above-header-display":"","ast-hfb-below-header-display":"","ast-hfb-mobile-header-display":"","site-post-title":"","ast-breadcrumbs-content":"","ast-featured-img":"disabled","footer-sml-layout":"","theme-transparent-header-meta":"default","adv-header-id-meta":"","stick-header-meta":"","header-above-stick-meta":"","header-main-stick-meta":"","header-below-stick-meta":"","astra-migrate-meta-layouts":"set","ast-page-background-enabled":"default","ast-page-background-meta":{"desktop":{"background-color":"var(--ast-global-color-4)","background-image":"","background-repeat":"repeat","background-position":"center center","background-size":"auto","background-attachment":"scroll","background-type":"","background-media":"","overlay-type":"","overlay-color":"","overlay-opacity":"","overlay-gradient":""},"tablet":{"background-color":"","background-image":"","background-repeat":"repeat","background-position":"center center","background-size":"auto","background-attachment":"scroll","background-type":"","background-media":"","overlay-type":"","overlay-color":"","overlay-opacity":"","overlay-gradient":""},"mobile":{"background-color":"","background-image":"","background-repeat":"repeat","background-position":"center center","background-size":"auto","background-attachment":"scroll","background-type":"","background-media":"","overlay-type":"","overlay-color":"","overlay-opacity":"","overlay-gradient":""}},"ast-content-background-meta":{"desktop":{"background-color":"var(--ast-global-color-5)","background-image":"","background-repeat":"repeat","background-position":"center center","background-size":"auto","background-attachment":"scroll","background-type":"","background-media":"","overlay-type":"","overlay-color":"","overlay-opacity":"","overlay-gradient":""},"tablet":{"background-color":"var(--ast-global-color-5)","background-image":"","background-repeat":"repeat","background-position":"center center","background-size":"auto","background-attachment":"scroll","background-type":"","background-media":"","overlay-type":"","overlay-color":"","overlay-opacity":"","overlay-gradient":""},"mobile":{"background-color":"var(--ast-global-color-5)","background-image":"","background-repeat":"repeat","background-position":"center center","background-size":"auto","background-attachment":"scroll","background-type":"","background-media":"","overlay-type":"","overlay-color":"","overlay-opacity":"","overlay-gradient":""}},"footnotes":""},"categories":[5],"tags":[10],"class_list":["post-1914","post","type-post","status-publish","format-standard","has-post-thumbnail","hentry","category-noticias","tag-responsablesafjm"],"aioseo_notices":[],"_links":{"self":[{"href":"https:\/\/afjminternacional.com\/index.php?rest_route=\/wp\/v2\/posts\/1914","targetHints":{"allow":["GET"]}}],"collection":[{"href":"https:\/\/afjminternacional.com\/index.php?rest_route=\/wp\/v2\/posts"}],"about":[{"href":"https:\/\/afjminternacional.com\/index.php?rest_route=\/wp\/v2\/types\/post"}],"author":[{"embeddable":true,"href":"https:\/\/afjminternacional.com\/index.php?rest_route=\/wp\/v2\/users\/1"}],"replies":[{"embeddable":true,"href":"https:\/\/afjminternacional.com\/index.php?rest_route=%2Fwp%2Fv2%2Fcomments&post=1914"}],"version-history":[{"count":3,"href":"https:\/\/afjminternacional.com\/index.php?rest_route=\/wp\/v2\/posts\/1914\/revisions"}],"predecessor-version":[{"id":1919,"href":"https:\/\/afjminternacional.com\/index.php?rest_route=\/wp\/v2\/posts\/1914\/revisions\/1919"}],"wp:featuredmedia":[{"embeddable":true,"href":"https:\/\/afjminternacional.com\/index.php?rest_route=\/wp\/v2\/media\/1667"}],"wp:attachment":[{"href":"https:\/\/afjminternacional.com\/index.php?rest_route=%2Fwp%2Fv2%2Fmedia&parent=1914"}],"wp:term":[{"taxonomy":"category","embeddable":true,"href":"https:\/\/afjminternacional.com\/index.php?rest_route=%2Fwp%2Fv2%2Fcategories&post=1914"},{"taxonomy":"post_tag","embeddable":true,"href":"https:\/\/afjminternacional.com\/index.php?rest_route=%2Fwp%2Fv2%2Ftags&post=1914"}],"curies":[{"name":"wp","href":"https:\/\/api.w.org\/{rel}","templated":true}]}}