{"id":1896,"date":"2023-10-02T13:39:24","date_gmt":"2023-10-02T13:39:24","guid":{"rendered":"https:\/\/afjminternacional.com\/?p=1896"},"modified":"2023-10-02T13:39:24","modified_gmt":"2023-10-02T13:39:24","slug":"afjm-en-mexico-cuba-mes-de-junio-julio-2023","status":"publish","type":"post","link":"https:\/\/afjminternacional.com\/?p=1896","title":{"rendered":"AFJM en M\u00e9xico-Cuba: Mes de Junio-Julio 2023"},"content":{"rendered":"\n<p>En el mes de junio y julio, se realiz\u00f3 la <strong>Visita general<\/strong> de la H. Monica Joseph, Superiora general y de la H. Alejandra Diaz, consejera general. Todos los grupos pudieron encontrarse con ellas y compartir un momento muy profundo en el que compartir la realidad&nbsp;de la AFJM en su ciudad y pa\u00eds.&nbsp;<\/p>\n\n\n\n<p>En la tarde del <strong>4 de julio<\/strong>, varias personas de la AFJM de M\u00e9xico se encontraron con Consuelo Mengual y Alejandra Diaz rjm, responsables a nivel internacional. Pudieron compartir momentos de vida y misi\u00f3n de cada uno.<\/p>\n\n\n\n<p>El sentirse familia y estar unidos a JM es algo muy importante en todos los miembros de AFJM y ayuda mucho en la vida de cada uno. Fue una reuni\u00f3n muy rica humana y personalmente para todas. Cada participante habl\u00f3 de sus actividades, de lo que significa para ellos ser parte de la AFJM, del servicio que dan a los dem\u00e1s. <\/p>\n\n\n\n<div class=\"wp-block-media-text has-media-on-the-right is-stacked-on-mobile is-vertically-aligned-center\" style=\"grid-template-columns:auto 38%\"><div class=\"wp-block-media-text__content\">\n<p class=\"has-text-align-left has-small-font-size\">Antes de finalizar la reuni\u00f3n Consuelo les invit\u00f3 a participar en el comentario y reflexi\u00f3n de un microrrelato desconcertante del escritor Thomas Bernhard, \u201cEl concierto de m\u00e1s \u00e9xito\u201d, que sirvi\u00f3 para pensar sobre el valor del verdadero \u00e9xito, que se encuentra en el interior de cada uno, en la satisfacci\u00f3n del trabajo bien hecho, en una conciencia tranquila. Fue una manera de ver que la Literatura ayuda a comprender las acciones humanas y a empatizar con los dem\u00e1s mediante una reflexi\u00f3n muy sincera.<\/p>\n<\/div><figure class=\"wp-block-media-text__media\"><img fetchpriority=\"high\" decoding=\"async\" width=\"1024\" height=\"333\" src=\"http:\/\/afjminternacional.com\/wp-content\/uploads\/2023\/09\/el-concierto-1024x333.png\" alt=\"\" class=\"wp-image-1897 size-full\" srcset=\"https:\/\/afjminternacional.com\/wp-content\/uploads\/2023\/09\/el-concierto-1024x333.png 1024w, https:\/\/afjminternacional.com\/wp-content\/uploads\/2023\/09\/el-concierto-300x98.png 300w, https:\/\/afjminternacional.com\/wp-content\/uploads\/2023\/09\/el-concierto-768x250.png 768w, https:\/\/afjminternacional.com\/wp-content\/uploads\/2023\/09\/el-concierto-600x195.png 600w, https:\/\/afjminternacional.com\/wp-content\/uploads\/2023\/09\/el-concierto.png 1080w\" sizes=\"(max-width: 1024px) 100vw, 1024px\" \/><\/figure><\/div>\n\n\n\n<p>En los d\u00edas siguientes, muchos de nosotros participamos del <strong>Encuentro Internacional de Misi\u00f3n Compartida <\/strong>sobre el Pacto Educativo Global y las Preferencias JM, que se celebr\u00f3 en Ciudad de M\u00e9xico, los d\u00edas 5 a 8 de julio.<\/p>\n\n\n\n<figure class=\"wp-block-gallery has-nested-images columns-default is-cropped wp-block-gallery-2 is-layout-flex wp-block-gallery-is-layout-flex\">\n<figure class=\"wp-block-image size-large wp-duotone-unset-1\"><img decoding=\"async\" width=\"1024\" height=\"768\" data-id=\"1903\" src=\"https:\/\/afjminternacional.com\/wp-content\/uploads\/2023\/10\/1.jpg\" alt=\"\" class=\"wp-image-1903\" srcset=\"https:\/\/afjminternacional.com\/wp-content\/uploads\/2023\/10\/1.jpg 1024w, https:\/\/afjminternacional.com\/wp-content\/uploads\/2023\/10\/1-300x225.jpg 300w, https:\/\/afjminternacional.com\/wp-content\/uploads\/2023\/10\/1-768x576.jpg 768w, https:\/\/afjminternacional.com\/wp-content\/uploads\/2023\/10\/1-600x450.jpg 600w, https:\/\/afjminternacional.com\/wp-content\/uploads\/2023\/10\/1-865x649.jpg 865w\" sizes=\"(max-width: 1024px) 100vw, 1024px\" \/><\/figure>\n\n\n\n<figure class=\"wp-block-image size-large\"><img decoding=\"async\" width=\"1024\" height=\"655\" data-id=\"1902\" src=\"https:\/\/afjminternacional.com\/wp-content\/uploads\/2023\/10\/3.jpg\" alt=\"\" class=\"wp-image-1902\" srcset=\"https:\/\/afjminternacional.com\/wp-content\/uploads\/2023\/10\/3.jpg 1024w, https:\/\/afjminternacional.com\/wp-content\/uploads\/2023\/10\/3-300x192.jpg 300w, https:\/\/afjminternacional.com\/wp-content\/uploads\/2023\/10\/3-768x491.jpg 768w, https:\/\/afjminternacional.com\/wp-content\/uploads\/2023\/10\/3-600x384.jpg 600w, https:\/\/afjminternacional.com\/wp-content\/uploads\/2023\/10\/3-1015x649.jpg 1015w\" sizes=\"(max-width: 1024px) 100vw, 1024px\" \/><\/figure>\n<\/figure>\n\n\n\n<figure class=\"wp-block-gallery has-nested-images columns-default is-cropped wp-block-gallery-3 is-layout-flex wp-block-gallery-is-layout-flex\">\n<figure class=\"wp-block-image size-large\"><img loading=\"lazy\" decoding=\"async\" width=\"1024\" height=\"566\" data-id=\"1908\" src=\"https:\/\/afjminternacional.com\/wp-content\/uploads\/2023\/10\/5-1.jpg\" alt=\"\" class=\"wp-image-1908\" srcset=\"https:\/\/afjminternacional.com\/wp-content\/uploads\/2023\/10\/5-1.jpg 1024w, https:\/\/afjminternacional.com\/wp-content\/uploads\/2023\/10\/5-1-300x166.jpg 300w, https:\/\/afjminternacional.com\/wp-content\/uploads\/2023\/10\/5-1-768x425.jpg 768w, https:\/\/afjminternacional.com\/wp-content\/uploads\/2023\/10\/5-1-600x332.jpg 600w\" sizes=\"(max-width: 1024px) 100vw, 1024px\" \/><\/figure>\n\n\n\n<figure class=\"wp-block-image size-large\"><img loading=\"lazy\" decoding=\"async\" width=\"1024\" height=\"768\" data-id=\"1907\" src=\"https:\/\/afjminternacional.com\/wp-content\/uploads\/2023\/10\/7.jpg\" alt=\"\" class=\"wp-image-1907\" srcset=\"https:\/\/afjminternacional.com\/wp-content\/uploads\/2023\/10\/7.jpg 1024w, https:\/\/afjminternacional.com\/wp-content\/uploads\/2023\/10\/7-300x225.jpg 300w, https:\/\/afjminternacional.com\/wp-content\/uploads\/2023\/10\/7-768x576.jpg 768w, https:\/\/afjminternacional.com\/wp-content\/uploads\/2023\/10\/7-600x450.jpg 600w, https:\/\/afjminternacional.com\/wp-content\/uploads\/2023\/10\/7-865x649.jpg 865w\" sizes=\"(max-width: 1024px) 100vw, 1024px\" \/><\/figure>\n<\/figure>\n","protected":false},"excerpt":{"rendered":"<p>En el mes de junio y julio, se realiz\u00f3 la Visita general de la H. Monica Joseph, Superiora general y de la H. Alejandra Diaz, consejera general. Todos los grupos pudieron encontrarse con ellas y compartir un momento muy profundo en el que compartir la realidad&nbsp;de la AFJM en su ciudad y pa\u00eds.&nbsp; En la [&hellip;]<\/p>\n","protected":false},"author":1,"featured_media":1905,"comment_status":"open","ping_status":"open","sticky":false,"template":"","format":"standard","meta":{"site-sidebar-layout":"default","site-content-layout":"","ast-site-content-layout":"default","site-content-style":"default","site-sidebar-style":"default","ast-global-header-display":"","ast-banner-title-visibility":"","ast-main-header-display":"","ast-hfb-above-header-display":"","ast-hfb-below-header-display":"","ast-hfb-mobile-header-display":"","site-post-title":"","ast-breadcrumbs-content":"","ast-featured-img":"","footer-sml-layout":"","theme-transparent-header-meta":"","adv-header-id-meta":"","stick-header-meta":"","header-above-stick-meta":"","header-main-stick-meta":"","header-below-stick-meta":"","astra-migrate-meta-layouts":"set","ast-page-background-enabled":"default","ast-page-background-meta":{"desktop":{"background-color":"var(--ast-global-color-4)","background-image":"","background-repeat":"repeat","background-position":"center center","background-size":"auto","background-attachment":"scroll","background-type":"","background-media":"","overlay-type":"","overlay-color":"","overlay-opacity":"","overlay-gradient":""},"tablet":{"background-color":"","background-image":"","background-repeat":"repeat","background-position":"center center","background-size":"auto","background-attachment":"scroll","background-type":"","background-media":"","overlay-type":"","overlay-color":"","overlay-opacity":"","overlay-gradient":""},"mobile":{"background-color":"","background-image":"","background-repeat":"repeat","background-position":"center center","background-size":"auto","background-attachment":"scroll","background-type":"","background-media":"","overlay-type":"","overlay-color":"","overlay-opacity":"","overlay-gradient":""}},"ast-content-background-meta":{"desktop":{"background-color":"var(--ast-global-color-5)","background-image":"","background-repeat":"repeat","background-position":"center center","background-size":"auto","background-attachment":"scroll","background-type":"","background-media":"","overlay-type":"","overlay-color":"","overlay-opacity":"","overlay-gradient":""},"tablet":{"background-color":"var(--ast-global-color-5)","background-image":"","background-repeat":"repeat","background-position":"center center","background-size":"auto","background-attachment":"scroll","background-type":"","background-media":"","overlay-type":"","overlay-color":"","overlay-opacity":"","overlay-gradient":""},"mobile":{"background-color":"var(--ast-global-color-5)","background-image":"","background-repeat":"repeat","background-position":"center center","background-size":"auto","background-attachment":"scroll","background-type":"","background-media":"","overlay-type":"","overlay-color":"","overlay-opacity":"","overlay-gradient":""}},"footnotes":""},"categories":[5],"tags":[13],"class_list":["post-1896","post","type-post","status-publish","format-standard","has-post-thumbnail","hentry","category-noticias","tag-encuentros"],"aioseo_notices":[],"_links":{"self":[{"href":"https:\/\/afjminternacional.com\/index.php?rest_route=\/wp\/v2\/posts\/1896","targetHints":{"allow":["GET"]}}],"collection":[{"href":"https:\/\/afjminternacional.com\/index.php?rest_route=\/wp\/v2\/posts"}],"about":[{"href":"https:\/\/afjminternacional.com\/index.php?rest_route=\/wp\/v2\/types\/post"}],"author":[{"embeddable":true,"href":"https:\/\/afjminternacional.com\/index.php?rest_route=\/wp\/v2\/users\/1"}],"replies":[{"embeddable":true,"href":"https:\/\/afjminternacional.com\/index.php?rest_route=%2Fwp%2Fv2%2Fcomments&post=1896"}],"version-history":[{"count":4,"href":"https:\/\/afjminternacional.com\/index.php?rest_route=\/wp\/v2\/posts\/1896\/revisions"}],"predecessor-version":[{"id":1909,"href":"https:\/\/afjminternacional.com\/index.php?rest_route=\/wp\/v2\/posts\/1896\/revisions\/1909"}],"wp:featuredmedia":[{"embeddable":true,"href":"https:\/\/afjminternacional.com\/index.php?rest_route=\/wp\/v2\/media\/1905"}],"wp:attachment":[{"href":"https:\/\/afjminternacional.com\/index.php?rest_route=%2Fwp%2Fv2%2Fmedia&parent=1896"}],"wp:term":[{"taxonomy":"category","embeddable":true,"href":"https:\/\/afjminternacional.com\/index.php?rest_route=%2Fwp%2Fv2%2Fcategories&post=1896"},{"taxonomy":"post_tag","embeddable":true,"href":"https:\/\/afjminternacional.com\/index.php?rest_route=%2Fwp%2Fv2%2Ftags&post=1896"}],"curies":[{"name":"wp","href":"https:\/\/api.w.org\/{rel}","templated":true}]}}