{"id":1888,"date":"2023-09-29T13:36:39","date_gmt":"2023-09-29T13:36:39","guid":{"rendered":"https:\/\/afjminternacional.com\/?p=1888"},"modified":"2023-09-29T13:36:41","modified_gmt":"2023-09-29T13:36:41","slug":"encuentros-con-responsables-afjm-a-nivel-provincial-delegacion-4","status":"publish","type":"post","link":"https:\/\/afjminternacional.com\/?p=1888","title":{"rendered":"Encuentros con responsables AFJM, a nivel Provincial \/ Delegaci\u00f3n"},"content":{"rendered":"\n<h2 class=\"wp-block-heading\"><strong>Mes de Septiembre<\/strong><\/h2>\n\n\n\n<blockquote class=\"wp-block-quote is-layout-flow wp-block-quote-is-layout-flow\">\n<p>Continuamos con nuestras reuniones con los responsables de la AFJM a nivel provincial.<\/p>\n\n\n\n<p>\u00a1Los disfrutamos much\u00edsimo! \u00a1Qu\u00e9 riqueza es encontrarnos, conocernos m\u00e1s, buscar caminos de crecimiento y vida para la AFJM!<\/p>\n\n\n\n<p>\u00a1Muchas gracias por su disponibilidad, por superar los obst\u00e1culos de los idiomas, por favorecer el ENCUENTRO!<\/p>\n\n\n\n<p><em>Consuelo Mengual y Alejandra rjm<\/em><\/p>\n<\/blockquote>\n\n\n\n<div class=\"wp-block-media-text alignwide has-media-on-the-right is-stacked-on-mobile is-vertically-aligned-top\" style=\"grid-template-columns:auto 49%\"><div class=\"wp-block-media-text__content\">\n<p class=\"has-small-font-size\"><strong>AFJM, Provincia de Argentina<\/strong> \u2013 En marzo tuvieron un <a href=\"https:\/\/sites.google.com\/view\/afjmau\/encuentros\/encuentro-provincial-de-afjm-au-2023\" target=\"_blank\" rel=\"noopener\" title=\"\"><strong>Encuentro Provincial de AFJM<\/strong><\/a>, bajo el lema \u201cLos he elegido para que den muchos frutos\u201d, al que invitaron a nuevos amigos de la AFJM para que la conozcan.<\/p>\n\n\n\n<p class=\"has-small-font-size\">En la AFJM se reza, se forma y se presta servicio. La AFJM es la responsable de animar en la Provincia la JPIC y el cuidado de nuestra Casa Com\u00fan. Se organizan en peque\u00f1as comisiones para llevar adelante distintos servicios.<\/p>\n\n\n\n<p class=\"has-small-font-size\"><em>Desean seguir abriendo puertas y fortaleciendo el saberse miembros de esta AFJM.<\/em><\/p>\n\n\n\n<p class=\"has-text-align-right has-small-font-size\"><strong><em>Y t\u00fa, \u00bfconoces los Estatutos de la Asociaci\u00f3n, su vocaci\u00f3n y misi\u00f3n?<\/em><\/strong><\/p>\n<\/div><figure class=\"wp-block-media-text__media\"><img fetchpriority=\"high\" decoding=\"async\" width=\"1024\" height=\"557\" src=\"https:\/\/afjminternacional.com\/wp-content\/uploads\/2023\/09\/AFJM-Argentina-1024x557.jpg\" alt=\"\" class=\"wp-image-1890 size-full\" srcset=\"https:\/\/afjminternacional.com\/wp-content\/uploads\/2023\/09\/AFJM-Argentina-1024x557.jpg 1024w, https:\/\/afjminternacional.com\/wp-content\/uploads\/2023\/09\/AFJM-Argentina-300x163.jpg 300w, https:\/\/afjminternacional.com\/wp-content\/uploads\/2023\/09\/AFJM-Argentina-768x418.jpg 768w, https:\/\/afjminternacional.com\/wp-content\/uploads\/2023\/09\/AFJM-Argentina-1536x835.jpg 1536w, https:\/\/afjminternacional.com\/wp-content\/uploads\/2023\/09\/AFJM-Argentina-600x326.jpg 600w, https:\/\/afjminternacional.com\/wp-content\/uploads\/2023\/09\/AFJM-Argentina-1194x649.jpg 1194w, https:\/\/afjminternacional.com\/wp-content\/uploads\/2023\/09\/AFJM-Argentina.jpg 1911w\" sizes=\"(max-width: 1024px) 100vw, 1024px\" \/><\/figure><\/div>\n\n\n\n<div class=\"wp-block-media-text alignwide is-stacked-on-mobile is-vertically-aligned-top\"><figure class=\"wp-block-media-text__media\"><img decoding=\"async\" width=\"1024\" height=\"556\" src=\"https:\/\/afjminternacional.com\/wp-content\/uploads\/2023\/09\/AFJM-Canada-1024x556.png\" alt=\"\" class=\"wp-image-1892 size-full\" srcset=\"https:\/\/afjminternacional.com\/wp-content\/uploads\/2023\/09\/AFJM-Canada-1024x556.png 1024w, https:\/\/afjminternacional.com\/wp-content\/uploads\/2023\/09\/AFJM-Canada-300x163.png 300w, https:\/\/afjminternacional.com\/wp-content\/uploads\/2023\/09\/AFJM-Canada-768x417.png 768w, https:\/\/afjminternacional.com\/wp-content\/uploads\/2023\/09\/AFJM-Canada-1536x834.png 1536w, https:\/\/afjminternacional.com\/wp-content\/uploads\/2023\/09\/AFJM-Canada-600x326.png 600w, https:\/\/afjminternacional.com\/wp-content\/uploads\/2023\/09\/AFJM-Canada-1196x649.png 1196w, https:\/\/afjminternacional.com\/wp-content\/uploads\/2023\/09\/AFJM-Canada.png 1920w\" sizes=\"(max-width: 1024px) 100vw, 1024px\" \/><\/figure><div class=\"wp-block-media-text__content\">\n<p class=\"has-small-font-size\"><strong>AFJM, Provincia de Canad\u00e1<\/strong> \u2013 Tuvimos un encuentro muy bonito con las responsables de todos los grupos de la Provincia, lo viven con mucho entusiasmo y se sienten y saben familia. En medio de la reuni\u00f3n, se organiz\u00f3 un encuentro provincial para todos los miembros en torno a la B. Dina B\u00e9langer. La iniciativa de unas, contagi\u00f3 a todas. <\/p>\n\n\n\n<p class=\"has-small-font-size\">Buscan la manera de convocar a nuevos miembros y mantener los lazos con aquellos que tienen dificultades para participar en las reuniones.<\/p>\n\n\n\n<p class=\"has-small-font-size\"><em>Uno de los grupos, \u00a1cumple 40 a\u00f1os! Cu\u00e1nta vida y misi\u00f3n compartida que quieren celebrar. &nbsp;<\/em><\/p>\n\n\n\n<p class=\"has-small-font-size\"><strong><em>\u00bfHace cu\u00e1nto formas farte de la AFJM? \u00bfCu\u00e1ntos a\u00f1os tiene tu grupo? \u00bfConoces la historia de la AFJM?<\/em><\/strong><\/p>\n<\/div><\/div>\n\n\n\n<div class=\"wp-block-media-text alignwide has-media-on-the-right is-stacked-on-mobile is-vertically-aligned-top\"><div class=\"wp-block-media-text__content\">\n<p class=\"has-small-font-size\"><strong><em>AFJM, Viceprovincia Andina<\/em><\/strong> \u2013 La Viceprovincia Andina naci\u00f3 el 25 de febrero de este a\u00f1o, y forman parte de ella 3 pa\u00edses que ya ten\u00edan sus grupos de AFJM: Colombia, Ecuador y Per\u00fa. Durante la Semana Santa, tuvieron un Encuentro Viceprovincial de AFJM en el que participaron miembros de los 3 pa\u00edses. Fue un momento hermoso de oraci\u00f3n, servicio, <strong>ENCUENTRO, <\/strong>y de tomar el pulso a la AFJM y reorganizarse ante esta nueva realidad.<\/p>\n\n\n\n<p class=\"has-small-font-size\"><em>Se est\u00e1n conociendo\u2026 y pensando iniciativas para hacer juntos: formaci\u00f3n, celebraci\u00f3n, oraci\u00f3n, misi\u00f3n.<\/em><\/p>\n\n\n\n<p class=\"has-text-align-right has-small-font-size\"><em><strong>Y t\u00fa, \u00bfconoces la realidad de todos los grupos de AFJM de tu Provincia\/Delegaci\u00f3n?<\/strong><\/em><\/p>\n<\/div><figure class=\"wp-block-media-text__media\"><img decoding=\"async\" width=\"1024\" height=\"558\" src=\"https:\/\/afjminternacional.com\/wp-content\/uploads\/2023\/09\/AFJM-Andina-1024x558.png\" alt=\"\" class=\"wp-image-1893 size-full\" srcset=\"https:\/\/afjminternacional.com\/wp-content\/uploads\/2023\/09\/AFJM-Andina-1024x558.png 1024w, https:\/\/afjminternacional.com\/wp-content\/uploads\/2023\/09\/AFJM-Andina-300x163.png 300w, https:\/\/afjminternacional.com\/wp-content\/uploads\/2023\/09\/AFJM-Andina-768x419.png 768w, https:\/\/afjminternacional.com\/wp-content\/uploads\/2023\/09\/AFJM-Andina-1536x837.png 1536w, https:\/\/afjminternacional.com\/wp-content\/uploads\/2023\/09\/AFJM-Andina-600x327.png 600w, https:\/\/afjminternacional.com\/wp-content\/uploads\/2023\/09\/AFJM-Andina-1191x649.png 1191w, https:\/\/afjminternacional.com\/wp-content\/uploads\/2023\/09\/AFJM-Andina.png 1892w\" sizes=\"(max-width: 1024px) 100vw, 1024px\" \/><\/figure><\/div>\n","protected":false},"excerpt":{"rendered":"<p>Mes de Septiembre Continuamos con nuestras reuniones con los responsables de la AFJM a nivel provincial. \u00a1Los disfrutamos much\u00edsimo! \u00a1Qu\u00e9 riqueza es encontrarnos, conocernos m\u00e1s, buscar caminos de crecimiento y vida para la AFJM! \u00a1Muchas gracias por su disponibilidad, por superar los obst\u00e1culos de los idiomas, por favorecer el ENCUENTRO! Consuelo Mengual y Alejandra rjm [&hellip;]<\/p>\n","protected":false},"author":1,"featured_media":1668,"comment_status":"open","ping_status":"closed","sticky":false,"template":"","format":"standard","meta":{"site-sidebar-layout":"default","site-content-layout":"default","ast-site-content-layout":"default","site-content-style":"default","site-sidebar-style":"default","ast-global-header-display":"","ast-banner-title-visibility":"","ast-main-header-display":"","ast-hfb-above-header-display":"","ast-hfb-below-header-display":"","ast-hfb-mobile-header-display":"","site-post-title":"","ast-breadcrumbs-content":"","ast-featured-img":"","footer-sml-layout":"","theme-transparent-header-meta":"default","adv-header-id-meta":"","stick-header-meta":"","header-above-stick-meta":"","header-main-stick-meta":"","header-below-stick-meta":"","astra-migrate-meta-layouts":"set","ast-page-background-enabled":"default","ast-page-background-meta":{"desktop":{"background-color":"var(--ast-global-color-4)","background-image":"","background-repeat":"repeat","background-position":"center center","background-size":"auto","background-attachment":"scroll","background-type":"","background-media":"","overlay-type":"","overlay-color":"","overlay-opacity":"","overlay-gradient":""},"tablet":{"background-color":"","background-image":"","background-repeat":"repeat","background-position":"center center","background-size":"auto","background-attachment":"scroll","background-type":"","background-media":"","overlay-type":"","overlay-color":"","overlay-opacity":"","overlay-gradient":""},"mobile":{"background-color":"","background-image":"","background-repeat":"repeat","background-position":"center center","background-size":"auto","background-attachment":"scroll","background-type":"","background-media":"","overlay-type":"","overlay-color":"","overlay-opacity":"","overlay-gradient":""}},"ast-content-background-meta":{"desktop":{"background-color":"var(--ast-global-color-5)","background-image":"","background-repeat":"repeat","background-position":"center center","background-size":"auto","background-attachment":"scroll","background-type":"","background-media":"","overlay-type":"","overlay-color":"","overlay-opacity":"","overlay-gradient":""},"tablet":{"background-color":"var(--ast-global-color-5)","background-image":"","background-repeat":"repeat","background-position":"center center","background-size":"auto","background-attachment":"scroll","background-type":"","background-media":"","overlay-type":"","overlay-color":"","overlay-opacity":"","overlay-gradient":""},"mobile":{"background-color":"var(--ast-global-color-5)","background-image":"","background-repeat":"repeat","background-position":"center center","background-size":"auto","background-attachment":"scroll","background-type":"","background-media":"","overlay-type":"","overlay-color":"","overlay-opacity":"","overlay-gradient":""}},"footnotes":""},"categories":[5],"tags":[13],"class_list":["post-1888","post","type-post","status-publish","format-standard","has-post-thumbnail","hentry","category-noticias","tag-encuentros"],"aioseo_notices":[],"_links":{"self":[{"href":"https:\/\/afjminternacional.com\/index.php?rest_route=\/wp\/v2\/posts\/1888","targetHints":{"allow":["GET"]}}],"collection":[{"href":"https:\/\/afjminternacional.com\/index.php?rest_route=\/wp\/v2\/posts"}],"about":[{"href":"https:\/\/afjminternacional.com\/index.php?rest_route=\/wp\/v2\/types\/post"}],"author":[{"embeddable":true,"href":"https:\/\/afjminternacional.com\/index.php?rest_route=\/wp\/v2\/users\/1"}],"replies":[{"embeddable":true,"href":"https:\/\/afjminternacional.com\/index.php?rest_route=%2Fwp%2Fv2%2Fcomments&post=1888"}],"version-history":[{"count":4,"href":"https:\/\/afjminternacional.com\/index.php?rest_route=\/wp\/v2\/posts\/1888\/revisions"}],"predecessor-version":[{"id":1900,"href":"https:\/\/afjminternacional.com\/index.php?rest_route=\/wp\/v2\/posts\/1888\/revisions\/1900"}],"wp:featuredmedia":[{"embeddable":true,"href":"https:\/\/afjminternacional.com\/index.php?rest_route=\/wp\/v2\/media\/1668"}],"wp:attachment":[{"href":"https:\/\/afjminternacional.com\/index.php?rest_route=%2Fwp%2Fv2%2Fmedia&parent=1888"}],"wp:term":[{"taxonomy":"category","embeddable":true,"href":"https:\/\/afjminternacional.com\/index.php?rest_route=%2Fwp%2Fv2%2Fcategories&post=1888"},{"taxonomy":"post_tag","embeddable":true,"href":"https:\/\/afjminternacional.com\/index.php?rest_route=%2Fwp%2Fv2%2Ftags&post=1888"}],"curies":[{"name":"wp","href":"https:\/\/api.w.org\/{rel}","templated":true}]}}