{"id":1866,"date":"2023-09-25T15:05:07","date_gmt":"2023-09-25T15:05:07","guid":{"rendered":"https:\/\/afjminternacional.com\/?p=1866"},"modified":"2023-09-25T15:19:49","modified_gmt":"2023-09-25T15:19:49","slug":"encuentros-con-responsables-afjm-a-nivel-provincial-delegacion-3","status":"publish","type":"post","link":"https:\/\/afjminternacional.com\/?p=1866","title":{"rendered":"Encuentros con responsables AFJM, a nivel Provincial \/ Delegaci\u00f3n"},"content":{"rendered":"\n<h2 class=\"wp-block-heading\"><strong>Mes de Mayo<\/strong><\/h2>\n\n\n\n<blockquote class=\"wp-block-quote is-layout-flow wp-block-quote-is-layout-flow\">\n<p><em>Continuamos con nuestras reuniones con los responsables de la AFJM a nivel provincial. \u00a1Son espacios que disfrutamos mucho! Gracias a cada una por la disponibilidad y facilitar el encuentro.<\/em><\/p>\n\n\n\n<p><em>Seguimos conociendo m\u00e1s la realidad de la AFJM en cada Provincia y Delegaci\u00f3n y pensando juntas nuevas propuestas para revitalizar la AFJM.<\/em><\/p>\n\n\n\n<p><em>Consuelo Mengual y Alejandra Diaz rjm<\/em><\/p>\n<\/blockquote>\n\n\n\n<div class=\"wp-block-media-text alignwide is-stacked-on-mobile\" style=\"grid-template-columns:58% auto\"><figure class=\"wp-block-media-text__media\"><img fetchpriority=\"high\" decoding=\"async\" width=\"1024\" height=\"623\" src=\"https:\/\/afjminternacional.com\/wp-content\/uploads\/2023\/09\/AFJM-Bolivia-1024x623.png\" alt=\"\" class=\"wp-image-1867 size-full\" srcset=\"https:\/\/afjminternacional.com\/wp-content\/uploads\/2023\/09\/AFJM-Bolivia-1024x623.png 1024w, https:\/\/afjminternacional.com\/wp-content\/uploads\/2023\/09\/AFJM-Bolivia-300x183.png 300w, https:\/\/afjminternacional.com\/wp-content\/uploads\/2023\/09\/AFJM-Bolivia-768x468.png 768w, https:\/\/afjminternacional.com\/wp-content\/uploads\/2023\/09\/AFJM-Bolivia-600x365.png 600w, https:\/\/afjminternacional.com\/wp-content\/uploads\/2023\/09\/AFJM-Bolivia-1066x649.png 1066w, https:\/\/afjminternacional.com\/wp-content\/uploads\/2023\/09\/AFJM-Bolivia.png 1493w\" sizes=\"(max-width: 1024px) 100vw, 1024px\" \/><\/figure><div class=\"wp-block-media-text__content\">\n<p class=\"has-text-align-left\"><strong>AFJM, Provincia de Bolivia<\/strong> &#8211; Han convocado un con mucha ilusi\u00f3n un Encuentro Nacional de miembros de AFJM, de manera presencial. Se nombr\u00f3 una comisi\u00f3n para organizarlo. Profundizaron en el tema: <strong>\u201cEl Encuentro\u201d<\/strong>. Ya nos compartir\u00e1n m\u00e1s sobre esto.<\/p>\n\n\n\n<p class=\"has-text-align-left\">Cuentan con grupos de j\u00f3venes que est\u00e1n muy animados.<\/p>\n\n\n\n<p><em>Desean crecer en una actitud misionera y en salida.<\/em><\/p>\n\n\n\n<p class=\"has-text-align-right\"><em><strong>\u00bfC\u00f3mo estar al servicio de los dem\u00e1s?<\/strong><\/em><\/p>\n<\/div><\/div>\n\n\n\n<div class=\"wp-block-media-text alignwide has-media-on-the-right is-stacked-on-mobile is-vertically-aligned-center\" style=\"grid-template-columns:auto 57%\"><div class=\"wp-block-media-text__content\">\n<p><\/p>\n\n\n\n<p><mark style=\"background-color:rgba(0, 0, 0, 0)\" class=\"has-inline-color has-ast-global-color-8-color\"><strong>AFJM, Provincia de Vadodara, India<\/strong> &#8211;<\/mark> Actualmente hay 6 grupos con diversas actividades y regularidad en sus reuniones. Han podido reunirse a nivel provincial. Quieren animar e implicar a m\u00e1s personas de nuestros colegios, especialmente a los j\u00f3venes. Desean acoger las diferencias.<\/p>\n\n\n\n<p><em>Los miembros de la AFJM est\u00e1n comprometidos en distintas actividades de Iglesia y de servicio a los dem\u00e1s.<\/em><\/p>\n\n\n\n<p><strong><em>Como AFJM, \u00bfc\u00f3mo enriquecernos con la diversidad de dones y misiones de nuestros miembros?<\/em><\/strong><\/p>\n<\/div><figure class=\"wp-block-media-text__media\"><img decoding=\"async\" width=\"1024\" height=\"553\" src=\"https:\/\/afjminternacional.com\/wp-content\/uploads\/2023\/09\/AFJM-Vadodara-1024x553.png\" alt=\"\" class=\"wp-image-1868 size-full\" srcset=\"https:\/\/afjminternacional.com\/wp-content\/uploads\/2023\/09\/AFJM-Vadodara-1024x553.png 1024w, https:\/\/afjminternacional.com\/wp-content\/uploads\/2023\/09\/AFJM-Vadodara-300x162.png 300w, https:\/\/afjminternacional.com\/wp-content\/uploads\/2023\/09\/AFJM-Vadodara-768x415.png 768w, https:\/\/afjminternacional.com\/wp-content\/uploads\/2023\/09\/AFJM-Vadodara-1536x830.png 1536w, https:\/\/afjminternacional.com\/wp-content\/uploads\/2023\/09\/AFJM-Vadodara-600x324.png 600w, https:\/\/afjminternacional.com\/wp-content\/uploads\/2023\/09\/AFJM-Vadodara-1202x649.png 1202w, https:\/\/afjminternacional.com\/wp-content\/uploads\/2023\/09\/AFJM-Vadodara.png 1920w\" sizes=\"(max-width: 1024px) 100vw, 1024px\" \/><\/figure><\/div>\n\n\n\n<div class=\"wp-block-media-text alignwide is-stacked-on-mobile\" style=\"grid-template-columns:59% auto\"><figure class=\"wp-block-media-text__media\"><img decoding=\"async\" width=\"1024\" height=\"555\" src=\"https:\/\/afjminternacional.com\/wp-content\/uploads\/2023\/09\/AFJM-Mexico-Cuba-2-1-1024x555.png\" alt=\"\" class=\"wp-image-1883 size-full\" srcset=\"https:\/\/afjminternacional.com\/wp-content\/uploads\/2023\/09\/AFJM-Mexico-Cuba-2-1-1024x555.png 1024w, https:\/\/afjminternacional.com\/wp-content\/uploads\/2023\/09\/AFJM-Mexico-Cuba-2-1-300x163.png 300w, https:\/\/afjminternacional.com\/wp-content\/uploads\/2023\/09\/AFJM-Mexico-Cuba-2-1-768x416.png 768w, https:\/\/afjminternacional.com\/wp-content\/uploads\/2023\/09\/AFJM-Mexico-Cuba-2-1-1536x832.png 1536w, https:\/\/afjminternacional.com\/wp-content\/uploads\/2023\/09\/AFJM-Mexico-Cuba-2-1-600x325.png 600w, https:\/\/afjminternacional.com\/wp-content\/uploads\/2023\/09\/AFJM-Mexico-Cuba-2-1-1198x649.png 1198w, https:\/\/afjminternacional.com\/wp-content\/uploads\/2023\/09\/AFJM-Mexico-Cuba-2-1.png 1920w\" sizes=\"(max-width: 1024px) 100vw, 1024px\" \/><\/figure><div class=\"wp-block-media-text__content\">\n<p><strong>AFJM, Provincia de M\u00e9xico-Cuba <\/strong>&#8211; Hay 9 grupos, 8 en M\u00e9xico y 1 en Cuba. Pertenecer a la AFJM les ayuda en su crecimiento espiritual y en su deseo de entrega a los m\u00e1s necesitados. Ven la necesidad de crecer, acogiendo nuevos miembros y creando nuevos grupos.<\/p>\n\n\n\n<p><em>Es importante que los laicos crezcan en liderazgo.<\/em><\/p>\n\n\n\n<p class=\"has-text-align-left\"><em><strong>\u00bfC\u00f3mo asumir el desaf\u00edo de animar la vida la AFJM en mi grupo y contexto?<\/strong><\/em><\/p>\n<\/div><\/div>\n","protected":false},"excerpt":{"rendered":"<p>Mes de Mayo Continuamos con nuestras reuniones con los responsables de la AFJM a nivel provincial. \u00a1Son espacios que disfrutamos mucho! Gracias a cada una por la disponibilidad y facilitar el encuentro. Seguimos conociendo m\u00e1s la realidad de la AFJM en cada Provincia y Delegaci\u00f3n y pensando juntas nuevas propuestas para revitalizar la AFJM. Consuelo [&hellip;]<\/p>\n","protected":false},"author":1,"featured_media":1667,"comment_status":"open","ping_status":"open","sticky":false,"template":"","format":"standard","meta":{"site-sidebar-layout":"default","site-content-layout":"default","ast-site-content-layout":"default","site-content-style":"default","site-sidebar-style":"default","ast-global-header-display":"","ast-banner-title-visibility":"","ast-main-header-display":"","ast-hfb-above-header-display":"","ast-hfb-below-header-display":"","ast-hfb-mobile-header-display":"","site-post-title":"","ast-breadcrumbs-content":"","ast-featured-img":"","footer-sml-layout":"","theme-transparent-header-meta":"default","adv-header-id-meta":"","stick-header-meta":"","header-above-stick-meta":"","header-main-stick-meta":"","header-below-stick-meta":"","astra-migrate-meta-layouts":"set","ast-page-background-enabled":"default","ast-page-background-meta":{"desktop":{"background-color":"var(--ast-global-color-4)","background-image":"","background-repeat":"repeat","background-position":"center center","background-size":"auto","background-attachment":"scroll","background-type":"","background-media":"","overlay-type":"","overlay-color":"","overlay-opacity":"","overlay-gradient":""},"tablet":{"background-color":"","background-image":"","background-repeat":"repeat","background-position":"center center","background-size":"auto","background-attachment":"scroll","background-type":"","background-media":"","overlay-type":"","overlay-color":"","overlay-opacity":"","overlay-gradient":""},"mobile":{"background-color":"","background-image":"","background-repeat":"repeat","background-position":"center center","background-size":"auto","background-attachment":"scroll","background-type":"","background-media":"","overlay-type":"","overlay-color":"","overlay-opacity":"","overlay-gradient":""}},"ast-content-background-meta":{"desktop":{"background-color":"var(--ast-global-color-5)","background-image":"","background-repeat":"repeat","background-position":"center center","background-size":"auto","background-attachment":"scroll","background-type":"","background-media":"","overlay-type":"","overlay-color":"","overlay-opacity":"","overlay-gradient":""},"tablet":{"background-color":"var(--ast-global-color-5)","background-image":"","background-repeat":"repeat","background-position":"center center","background-size":"auto","background-attachment":"scroll","background-type":"","background-media":"","overlay-type":"","overlay-color":"","overlay-opacity":"","overlay-gradient":""},"mobile":{"background-color":"var(--ast-global-color-5)","background-image":"","background-repeat":"repeat","background-position":"center center","background-size":"auto","background-attachment":"scroll","background-type":"","background-media":"","overlay-type":"","overlay-color":"","overlay-opacity":"","overlay-gradient":""}},"footnotes":""},"categories":[5],"tags":[10],"class_list":["post-1866","post","type-post","status-publish","format-standard","has-post-thumbnail","hentry","category-noticias","tag-responsablesafjm"],"aioseo_notices":[],"_links":{"self":[{"href":"https:\/\/afjminternacional.com\/index.php?rest_route=\/wp\/v2\/posts\/1866","targetHints":{"allow":["GET"]}}],"collection":[{"href":"https:\/\/afjminternacional.com\/index.php?rest_route=\/wp\/v2\/posts"}],"about":[{"href":"https:\/\/afjminternacional.com\/index.php?rest_route=\/wp\/v2\/types\/post"}],"author":[{"embeddable":true,"href":"https:\/\/afjminternacional.com\/index.php?rest_route=\/wp\/v2\/users\/1"}],"replies":[{"embeddable":true,"href":"https:\/\/afjminternacional.com\/index.php?rest_route=%2Fwp%2Fv2%2Fcomments&post=1866"}],"version-history":[{"count":9,"href":"https:\/\/afjminternacional.com\/index.php?rest_route=\/wp\/v2\/posts\/1866\/revisions"}],"predecessor-version":[{"id":1887,"href":"https:\/\/afjminternacional.com\/index.php?rest_route=\/wp\/v2\/posts\/1866\/revisions\/1887"}],"wp:featuredmedia":[{"embeddable":true,"href":"https:\/\/afjminternacional.com\/index.php?rest_route=\/wp\/v2\/media\/1667"}],"wp:attachment":[{"href":"https:\/\/afjminternacional.com\/index.php?rest_route=%2Fwp%2Fv2%2Fmedia&parent=1866"}],"wp:term":[{"taxonomy":"category","embeddable":true,"href":"https:\/\/afjminternacional.com\/index.php?rest_route=%2Fwp%2Fv2%2Fcategories&post=1866"},{"taxonomy":"post_tag","embeddable":true,"href":"https:\/\/afjminternacional.com\/index.php?rest_route=%2Fwp%2Fv2%2Ftags&post=1866"}],"curies":[{"name":"wp","href":"https:\/\/api.w.org\/{rel}","templated":true}]}}