{"id":1837,"date":"2023-07-22T11:36:51","date_gmt":"2023-07-22T11:36:51","guid":{"rendered":"https:\/\/afjminternacional.com\/?p=1837"},"modified":"2023-07-22T13:53:46","modified_gmt":"2023-07-22T13:53:46","slug":"encuentro-internacional-por-el-pacto-educativo-global-jm","status":"publish","type":"post","link":"https:\/\/afjminternacional.com\/?p=1837","title":{"rendered":"Encuentro Internacional por el Pacto Educativo Global JM\u00a0"},"content":{"rendered":"\n<p>La AFJM ha podido participar en el Encuentro Internacional por el Pacto Educativo Global JM en Ciudad de M\u00e9xico, con delegaciones de todas las Provincias de la Congregaci\u00f3n, donde laicos y religiosas se han unido para sentar las bases o principios del futuro en la educaci\u00f3n, poniendo en el centro a la persona para trabajar con ternura y cercan\u00eda en la maravilloso e importarte proyecto que es hacer buenas personas que miren por el bien com\u00fan del mundo.<\/p>\n\n\n\n<figure class=\"wp-block-image size-full is-resized\"><img fetchpriority=\"high\" decoding=\"async\" src=\"http:\/\/afjminternacional.com\/wp-content\/uploads\/2023\/07\/AFJM-encuentro-internacional-mision-compartida-PEG.jpg\" alt=\"\" class=\"wp-image-1838\" width=\"1044\" height=\"546\" srcset=\"https:\/\/afjminternacional.com\/wp-content\/uploads\/2023\/07\/AFJM-encuentro-internacional-mision-compartida-PEG.jpg 720w, https:\/\/afjminternacional.com\/wp-content\/uploads\/2023\/07\/AFJM-encuentro-internacional-mision-compartida-PEG-300x157.jpg 300w, https:\/\/afjminternacional.com\/wp-content\/uploads\/2023\/07\/AFJM-encuentro-internacional-mision-compartida-PEG-600x314.jpg 600w\" sizes=\"(max-width: 1044px) 100vw, 1044px\" \/><\/figure>\n\n\n\n<figure class=\"wp-block-image size-full is-resized\"><img decoding=\"async\" src=\"https:\/\/afjminternacional.com\/wp-content\/uploads\/2023\/07\/Mision-compartida-AFJM.jpg\" alt=\"\" class=\"wp-image-1841\" width=\"1042\" height=\"780\" srcset=\"https:\/\/afjminternacional.com\/wp-content\/uploads\/2023\/07\/Mision-compartida-AFJM.jpg 1024w, https:\/\/afjminternacional.com\/wp-content\/uploads\/2023\/07\/Mision-compartida-AFJM-300x225.jpg 300w, https:\/\/afjminternacional.com\/wp-content\/uploads\/2023\/07\/Mision-compartida-AFJM-768x576.jpg 768w, https:\/\/afjminternacional.com\/wp-content\/uploads\/2023\/07\/Mision-compartida-AFJM-600x450.jpg 600w, https:\/\/afjminternacional.com\/wp-content\/uploads\/2023\/07\/Mision-compartida-AFJM-865x649.jpg 865w\" sizes=\"(max-width: 1042px) 100vw, 1042px\" \/><\/figure>\n","protected":false},"excerpt":{"rendered":"<p>La AFJM ha podido participar en el Encuentro Internacional por el Pacto Educativo Global JM en Ciudad de M\u00e9xico, con delegaciones de todas las Provincias de la Congregaci\u00f3n, donde laicos y religiosas se han unido para sentar las bases o principios del futuro en la educaci\u00f3n, poniendo en el centro a la persona para trabajar [&hellip;]<\/p>\n","protected":false},"author":1,"featured_media":1840,"comment_status":"open","ping_status":"open","sticky":false,"template":"","format":"standard","meta":{"site-sidebar-layout":"default","site-content-layout":"default","ast-site-content-layout":"default","site-content-style":"default","site-sidebar-style":"default","ast-global-header-display":"","ast-banner-title-visibility":"","ast-main-header-display":"","ast-hfb-above-header-display":"","ast-hfb-below-header-display":"","ast-hfb-mobile-header-display":"","site-post-title":"","ast-breadcrumbs-content":"","ast-featured-img":"","footer-sml-layout":"","theme-transparent-header-meta":"default","adv-header-id-meta":"","stick-header-meta":"","header-above-stick-meta":"","header-main-stick-meta":"","header-below-stick-meta":"","astra-migrate-meta-layouts":"default","ast-page-background-enabled":"default","ast-page-background-meta":{"desktop":{"background-color":"var(--ast-global-color-4)","background-image":"","background-repeat":"repeat","background-position":"center center","background-size":"auto","background-attachment":"scroll","background-type":"","background-media":"","overlay-type":"","overlay-color":"","overlay-opacity":"","overlay-gradient":""},"tablet":{"background-color":"","background-image":"","background-repeat":"repeat","background-position":"center center","background-size":"auto","background-attachment":"scroll","background-type":"","background-media":"","overlay-type":"","overlay-color":"","overlay-opacity":"","overlay-gradient":""},"mobile":{"background-color":"","background-image":"","background-repeat":"repeat","background-position":"center center","background-size":"auto","background-attachment":"scroll","background-type":"","background-media":"","overlay-type":"","overlay-color":"","overlay-opacity":"","overlay-gradient":""}},"ast-content-background-meta":{"desktop":{"background-color":"var(--ast-global-color-5)","background-image":"","background-repeat":"repeat","background-position":"center center","background-size":"auto","background-attachment":"scroll","background-type":"","background-media":"","overlay-type":"","overlay-color":"","overlay-opacity":"","overlay-gradient":""},"tablet":{"background-color":"var(--ast-global-color-5)","background-image":"","background-repeat":"repeat","background-position":"center center","background-size":"auto","background-attachment":"scroll","background-type":"","background-media":"","overlay-type":"","overlay-color":"","overlay-opacity":"","overlay-gradient":""},"mobile":{"background-color":"var(--ast-global-color-5)","background-image":"","background-repeat":"repeat","background-position":"center center","background-size":"auto","background-attachment":"scroll","background-type":"","background-media":"","overlay-type":"","overlay-color":"","overlay-opacity":"","overlay-gradient":""}},"footnotes":""},"categories":[5],"tags":[],"class_list":["post-1837","post","type-post","status-publish","format-standard","has-post-thumbnail","hentry","category-noticias"],"aioseo_notices":[],"_links":{"self":[{"href":"https:\/\/afjminternacional.com\/index.php?rest_route=\/wp\/v2\/posts\/1837","targetHints":{"allow":["GET"]}}],"collection":[{"href":"https:\/\/afjminternacional.com\/index.php?rest_route=\/wp\/v2\/posts"}],"about":[{"href":"https:\/\/afjminternacional.com\/index.php?rest_route=\/wp\/v2\/types\/post"}],"author":[{"embeddable":true,"href":"https:\/\/afjminternacional.com\/index.php?rest_route=\/wp\/v2\/users\/1"}],"replies":[{"embeddable":true,"href":"https:\/\/afjminternacional.com\/index.php?rest_route=%2Fwp%2Fv2%2Fcomments&post=1837"}],"version-history":[{"count":2,"href":"https:\/\/afjminternacional.com\/index.php?rest_route=\/wp\/v2\/posts\/1837\/revisions"}],"predecessor-version":[{"id":1843,"href":"https:\/\/afjminternacional.com\/index.php?rest_route=\/wp\/v2\/posts\/1837\/revisions\/1843"}],"wp:featuredmedia":[{"embeddable":true,"href":"https:\/\/afjminternacional.com\/index.php?rest_route=\/wp\/v2\/media\/1840"}],"wp:attachment":[{"href":"https:\/\/afjminternacional.com\/index.php?rest_route=%2Fwp%2Fv2%2Fmedia&parent=1837"}],"wp:term":[{"taxonomy":"category","embeddable":true,"href":"https:\/\/afjminternacional.com\/index.php?rest_route=%2Fwp%2Fv2%2Fcategories&post=1837"},{"taxonomy":"post_tag","embeddable":true,"href":"https:\/\/afjminternacional.com\/index.php?rest_route=%2Fwp%2Fv2%2Ftags&post=1837"}],"curies":[{"name":"wp","href":"https:\/\/api.w.org\/{rel}","templated":true}]}}