{"id":1810,"date":"2023-05-03T12:53:21","date_gmt":"2023-05-03T12:53:21","guid":{"rendered":"https:\/\/afjminternacional.com\/?p=1810"},"modified":"2023-05-03T12:53:21","modified_gmt":"2023-05-03T12:53:21","slug":"encuentros-con-responsables-afjm-a-nivel-provincial-delegacion-2","status":"publish","type":"post","link":"https:\/\/afjminternacional.com\/?p=1810","title":{"rendered":"<strong>Encuentros con responsables AFJM, a nivel Provincial \/ Delegaci\u00f3n<\/strong>"},"content":{"rendered":"\n<h2 class=\"wp-block-heading\"><strong>Mes de Abril<\/strong><\/h2>\n\n\n\n<blockquote class=\"wp-block-quote is-layout-flow wp-block-quote-is-layout-flow\">\n<p>Continuamos con nuestras reuniones con los responsables de la AFJM a nivel provincial. \u00a1Son espacios que disfrutamos mucho! Gracias a cada una por la disponibilidad y facilitar el encuentro.<\/p>\n\n\n\n<p class=\"has-text-align-left\">Seguimos conociendo m\u00e1s la realidad de la AFJM en cada Provincia y Delegaci\u00f3n y pensando juntas nuevas propuestas para revitalizar la AFJM.<\/p>\n\n\n\n<p>Consuelo Mengual y Alejandra rjm<\/p>\n<\/blockquote>\n\n\n\n<div class=\"wp-block-media-text alignwide has-media-on-the-right is-stacked-on-mobile\"><div class=\"wp-block-media-text__content\">\n<p><strong>AFJM, Delegaci\u00f3n de Irlanda<\/strong> \u2013 Est\u00e1n trabajando por retomar sus encuentros y actividades despu\u00e9s de la pandemia. Hay un grupo que tiene un marcado esp\u00edritu misionero y solidario. Quieren conectar con otros grupos AFJM de distintas partes del mundo para compartir sus experiencias y saberse una gran comunidad.<\/p>\n\n\n\n<p>Tienen el sue\u00f1o de que personas m\u00e1s j\u00f3venes se incorporen a la AFJM. &nbsp;&nbsp;&nbsp;&nbsp;&nbsp;&nbsp;&nbsp;&nbsp;&nbsp;&nbsp;&nbsp;&nbsp;&nbsp;&nbsp;&nbsp;&nbsp;&nbsp;&nbsp;&nbsp;&nbsp;&nbsp;&nbsp;&nbsp;&nbsp;&nbsp;&nbsp;&nbsp;&nbsp;&nbsp;&nbsp;&nbsp;&nbsp;&nbsp;&nbsp;&nbsp;&nbsp;&nbsp;&nbsp;&nbsp;&nbsp;&nbsp;&nbsp;&nbsp;&nbsp;&nbsp;&nbsp;&nbsp;&nbsp;&nbsp;&nbsp;&nbsp;&nbsp;&nbsp;&nbsp;&nbsp;&nbsp;&nbsp;&nbsp;&nbsp;&nbsp;&nbsp;&nbsp;&nbsp;&nbsp;&nbsp;&nbsp;&nbsp;&nbsp;&nbsp;&nbsp;&nbsp;&nbsp;&nbsp;&nbsp;&nbsp;&nbsp;&nbsp;&nbsp;&nbsp;&nbsp;&nbsp;&nbsp;&nbsp;&nbsp;&nbsp;&nbsp;&nbsp;&nbsp;&nbsp;&nbsp;<\/p>\n\n\n\n<p class=\"has-text-align-right\"><strong><em>\u00bfEs tambi\u00e9n tu deseo?<\/em><\/strong><\/p>\n<\/div><figure class=\"wp-block-media-text__media\"><img fetchpriority=\"high\" decoding=\"async\" width=\"1024\" height=\"539\" src=\"https:\/\/afjminternacional.com\/wp-content\/uploads\/2023\/05\/Ireland-1-1024x539.jpg\" alt=\"\" class=\"wp-image-1813 size-full\" srcset=\"https:\/\/afjminternacional.com\/wp-content\/uploads\/2023\/05\/Ireland-1-1024x539.jpg 1024w, https:\/\/afjminternacional.com\/wp-content\/uploads\/2023\/05\/Ireland-1-300x158.jpg 300w, https:\/\/afjminternacional.com\/wp-content\/uploads\/2023\/05\/Ireland-1-768x404.jpg 768w, https:\/\/afjminternacional.com\/wp-content\/uploads\/2023\/05\/Ireland-1-1536x809.jpg 1536w, https:\/\/afjminternacional.com\/wp-content\/uploads\/2023\/05\/Ireland-1-600x316.jpg 600w, https:\/\/afjminternacional.com\/wp-content\/uploads\/2023\/05\/Ireland-1-1233x649.jpg 1233w, https:\/\/afjminternacional.com\/wp-content\/uploads\/2023\/05\/Ireland-1.jpg 1915w\" sizes=\"(max-width: 1024px) 100vw, 1024px\" \/><\/figure><\/div>\n\n\n\n<div class=\"wp-block-media-text alignwide is-stacked-on-mobile\"><figure class=\"wp-block-media-text__media\"><img decoding=\"async\" width=\"1024\" height=\"540\" src=\"https:\/\/afjminternacional.com\/wp-content\/uploads\/2023\/05\/Espana-1024x540.jpg\" alt=\"\" class=\"wp-image-1814 size-full\" srcset=\"https:\/\/afjminternacional.com\/wp-content\/uploads\/2023\/05\/Espana-1024x540.jpg 1024w, https:\/\/afjminternacional.com\/wp-content\/uploads\/2023\/05\/Espana-300x158.jpg 300w, https:\/\/afjminternacional.com\/wp-content\/uploads\/2023\/05\/Espana-768x405.jpg 768w, https:\/\/afjminternacional.com\/wp-content\/uploads\/2023\/05\/Espana-1536x810.jpg 1536w, https:\/\/afjminternacional.com\/wp-content\/uploads\/2023\/05\/Espana-600x316.jpg 600w, https:\/\/afjminternacional.com\/wp-content\/uploads\/2023\/05\/Espana-1231x649.jpg 1231w, https:\/\/afjminternacional.com\/wp-content\/uploads\/2023\/05\/Espana.jpg 1920w\" sizes=\"(max-width: 1024px) 100vw, 1024px\" \/><\/figure><div class=\"wp-block-media-text__content\">\n<p class=\"has-small-font-size\"><strong>AFJM, Provincia de Espa\u00f1a<\/strong> \u2013 Actualmente hay 20 grupos. En este tiempo han crecido en el aspecto de la comunicaci\u00f3n, tienen una p\u00e1gina web muy bonita. Se han sumado nuevos miembros. <em>Cada grupo<\/em> est\u00e1 haciendo FOCO (Formaci\u00f3n, Oraci\u00f3n, Compromiso, Ocio), tratando de fortalecer el aspecto m\u00e1s fr\u00e1gil y dando gracias por el aspecto que lo configura.<\/p>\n\n\n\n<p class=\"has-small-font-size\">Desean trabajar \u201centrelazando\u201d con otros sectores de su Provincia, con otros grupos AFJM de distintos pa\u00edses. <\/p>\n\n\n\n<p class=\"has-small-font-size\"><strong><em>\u00bfQu\u00e9 piensas sobre esto: que la AFJM se relacione m\u00e1s con otros grupos JM?<\/em><\/strong><\/p>\n<\/div><\/div>\n\n\n\n<div class=\"wp-block-media-text alignwide has-media-on-the-right is-stacked-on-mobile\"><div class=\"wp-block-media-text__content\">\n<p class=\"has-small-font-size\"><strong><em>AFJM, Provincia de USA-Hait\u00ed<\/em><\/strong> \u2013 Actualmente hay 4 grupos: 3 est\u00e1n en Hait\u00ed y uno en Estados Unidos. Son realidades muy distintas. En Hait\u00ed, especialmente en Puerto Pr\u00edncipe, est\u00e1n viviendo situaciones muy dif\u00edciles. Los miembros de la AFJM se acompa\u00f1an, se ayudan, se cuestionan\u2026 se re\u00fanen cuando se puede, y comparten la vida y la fe. En USA, tienen reuniones seg\u00fan sus posibilidades y se comprometen en acciones solidarias. Se dio un bonito intercambio entre los responsables de los dos pa\u00edses de esta Provincia.<\/p>\n\n\n\n<p class=\"has-small-font-size\">Surgi\u00f3 el deseo de compartir entre estas dos realidades tan distintas, y a la vez, complementarias. <\/p>\n\n\n\n<p class=\"has-small-font-size\"><strong><em>\u00a1Qu\u00e9 bueno es compartir desde los dones y las fragilidades de cada uno!<\/em><\/strong><\/p>\n<\/div><figure class=\"wp-block-media-text__media\"><img decoding=\"async\" width=\"840\" height=\"479\" src=\"https:\/\/afjminternacional.com\/wp-content\/uploads\/2023\/05\/USA-Haiti.jpg\" alt=\"\" class=\"wp-image-1815 size-full\" srcset=\"https:\/\/afjminternacional.com\/wp-content\/uploads\/2023\/05\/USA-Haiti.jpg 840w, https:\/\/afjminternacional.com\/wp-content\/uploads\/2023\/05\/USA-Haiti-300x171.jpg 300w, https:\/\/afjminternacional.com\/wp-content\/uploads\/2023\/05\/USA-Haiti-768x438.jpg 768w, https:\/\/afjminternacional.com\/wp-content\/uploads\/2023\/05\/USA-Haiti-600x342.jpg 600w\" sizes=\"(max-width: 840px) 100vw, 840px\" \/><\/figure><\/div>\n","protected":false},"excerpt":{"rendered":"<p>Mes de Abril Continuamos con nuestras reuniones con los responsables de la AFJM a nivel provincial. \u00a1Son espacios que disfrutamos mucho! Gracias a cada una por la disponibilidad y facilitar el encuentro. Seguimos conociendo m\u00e1s la realidad de la AFJM en cada Provincia y Delegaci\u00f3n y pensando juntas nuevas propuestas para revitalizar la AFJM. Consuelo [&hellip;]<\/p>\n","protected":false},"author":1,"featured_media":1668,"comment_status":"open","ping_status":"closed","sticky":false,"template":"","format":"standard","meta":{"site-sidebar-layout":"default","site-content-layout":"default","ast-site-content-layout":"default","site-content-style":"default","site-sidebar-style":"default","ast-global-header-display":"","ast-banner-title-visibility":"","ast-main-header-display":"","ast-hfb-above-header-display":"","ast-hfb-below-header-display":"","ast-hfb-mobile-header-display":"","site-post-title":"","ast-breadcrumbs-content":"","ast-featured-img":"","footer-sml-layout":"","theme-transparent-header-meta":"default","adv-header-id-meta":"","stick-header-meta":"","header-above-stick-meta":"","header-main-stick-meta":"","header-below-stick-meta":"","astra-migrate-meta-layouts":"default","ast-page-background-enabled":"default","ast-page-background-meta":{"desktop":{"background-color":"var(--ast-global-color-4)","background-image":"","background-repeat":"repeat","background-position":"center center","background-size":"auto","background-attachment":"scroll","background-type":"","background-media":"","overlay-type":"","overlay-color":"","overlay-opacity":"","overlay-gradient":""},"tablet":{"background-color":"","background-image":"","background-repeat":"repeat","background-position":"center center","background-size":"auto","background-attachment":"scroll","background-type":"","background-media":"","overlay-type":"","overlay-color":"","overlay-opacity":"","overlay-gradient":""},"mobile":{"background-color":"","background-image":"","background-repeat":"repeat","background-position":"center center","background-size":"auto","background-attachment":"scroll","background-type":"","background-media":"","overlay-type":"","overlay-color":"","overlay-opacity":"","overlay-gradient":""}},"ast-content-background-meta":{"desktop":{"background-color":"var(--ast-global-color-5)","background-image":"","background-repeat":"repeat","background-position":"center center","background-size":"auto","background-attachment":"scroll","background-type":"","background-media":"","overlay-type":"","overlay-color":"","overlay-opacity":"","overlay-gradient":""},"tablet":{"background-color":"var(--ast-global-color-5)","background-image":"","background-repeat":"repeat","background-position":"center center","background-size":"auto","background-attachment":"scroll","background-type":"","background-media":"","overlay-type":"","overlay-color":"","overlay-opacity":"","overlay-gradient":""},"mobile":{"background-color":"var(--ast-global-color-5)","background-image":"","background-repeat":"repeat","background-position":"center center","background-size":"auto","background-attachment":"scroll","background-type":"","background-media":"","overlay-type":"","overlay-color":"","overlay-opacity":"","overlay-gradient":""}},"footnotes":""},"categories":[5],"tags":[],"class_list":["post-1810","post","type-post","status-publish","format-standard","has-post-thumbnail","hentry","category-noticias"],"aioseo_notices":[],"_links":{"self":[{"href":"https:\/\/afjminternacional.com\/index.php?rest_route=\/wp\/v2\/posts\/1810","targetHints":{"allow":["GET"]}}],"collection":[{"href":"https:\/\/afjminternacional.com\/index.php?rest_route=\/wp\/v2\/posts"}],"about":[{"href":"https:\/\/afjminternacional.com\/index.php?rest_route=\/wp\/v2\/types\/post"}],"author":[{"embeddable":true,"href":"https:\/\/afjminternacional.com\/index.php?rest_route=\/wp\/v2\/users\/1"}],"replies":[{"embeddable":true,"href":"https:\/\/afjminternacional.com\/index.php?rest_route=%2Fwp%2Fv2%2Fcomments&post=1810"}],"version-history":[{"count":5,"href":"https:\/\/afjminternacional.com\/index.php?rest_route=\/wp\/v2\/posts\/1810\/revisions"}],"predecessor-version":[{"id":1819,"href":"https:\/\/afjminternacional.com\/index.php?rest_route=\/wp\/v2\/posts\/1810\/revisions\/1819"}],"wp:featuredmedia":[{"embeddable":true,"href":"https:\/\/afjminternacional.com\/index.php?rest_route=\/wp\/v2\/media\/1668"}],"wp:attachment":[{"href":"https:\/\/afjminternacional.com\/index.php?rest_route=%2Fwp%2Fv2%2Fmedia&parent=1810"}],"wp:term":[{"taxonomy":"category","embeddable":true,"href":"https:\/\/afjminternacional.com\/index.php?rest_route=%2Fwp%2Fv2%2Fcategories&post=1810"},{"taxonomy":"post_tag","embeddable":true,"href":"https:\/\/afjminternacional.com\/index.php?rest_route=%2Fwp%2Fv2%2Ftags&post=1810"}],"curies":[{"name":"wp","href":"https:\/\/api.w.org\/{rel}","templated":true}]}}