{"id":1653,"date":"2023-03-30T15:19:48","date_gmt":"2023-03-30T15:19:48","guid":{"rendered":"https:\/\/afjminternacional.com\/?p=1653"},"modified":"2023-03-30T15:46:35","modified_gmt":"2023-03-30T15:46:35","slug":"encuentros-con-responsables-afjm-a-nivel-provincial-delegacion","status":"publish","type":"post","link":"https:\/\/afjminternacional.com\/?p=1653","title":{"rendered":"<strong>Encuentros con responsables AFJM, a nivel Provincial \/ Delegaci\u00f3n<\/strong>"},"content":{"rendered":"\n<h2 class=\"wp-block-heading\"><strong>Mes de Marzo<\/strong><\/h2>\n\n\n\n<blockquote class=\"wp-block-quote is-layout-flow wp-block-quote-is-layout-flow\">\n<p>En este mes empezamos nuestros peque\u00f1os encuentros con los responsables de la AFJM a nivel provincial. \u00a1Estamos muy contentas! Nos hemos podido acercar m\u00e1s a la realidad de la AFJM en cada Provincia y Delegaci\u00f3n y pensar juntas nuevas propuestas para revitalizar la AFJM. <\/p>\n<cite>Consuelo Mengual y Alejandra rjm<\/cite><\/blockquote>\n\n\n\n<div class=\"wp-block-media-text alignwide is-stacked-on-mobile\" style=\"grid-template-columns:58% auto\"><figure class=\"wp-block-media-text__media\"><img fetchpriority=\"high\" decoding=\"async\" width=\"1024\" height=\"545\" src=\"https:\/\/afjminternacional.com\/wp-content\/uploads\/2023\/03\/1-Con-AFJM-Pune-1024x545.jpg\" alt=\"\" class=\"wp-image-1654 size-full\" srcset=\"https:\/\/afjminternacional.com\/wp-content\/uploads\/2023\/03\/1-Con-AFJM-Pune-1024x545.jpg 1024w, https:\/\/afjminternacional.com\/wp-content\/uploads\/2023\/03\/1-Con-AFJM-Pune-300x160.jpg 300w, https:\/\/afjminternacional.com\/wp-content\/uploads\/2023\/03\/1-Con-AFJM-Pune-768x409.jpg 768w, https:\/\/afjminternacional.com\/wp-content\/uploads\/2023\/03\/1-Con-AFJM-Pune-600x319.jpg 600w, https:\/\/afjminternacional.com\/wp-content\/uploads\/2023\/03\/1-Con-AFJM-Pune-1219x649.jpg 1219w, https:\/\/afjminternacional.com\/wp-content\/uploads\/2023\/03\/1-Con-AFJM-Pune.jpg 1300w\" sizes=\"(max-width: 1024px) 100vw, 1024px\" \/><\/figure><div class=\"wp-block-media-text__content\">\n<p><strong>AFJM, Pune Province, India<\/strong> &#8211; Actualmente hay 9 grupos, celebran el ser familia a trav\u00e9s de la danza, canciones, retiros, encuentros y del servicio a los dem\u00e1s. Desean que se sumen nuevos miembros. Hay un mayor n\u00famero de profesores que se est\u00e1n animando a conocer la AFJM.<\/p>\n\n\n\n<p>Una buena propuesta: <em>\u00a1Tener un D\u00eda internacional de la AFJM!<\/em><\/p>\n\n\n\n<p class=\"has-text-align-right\"><em><strong>\u00bfQu\u00e9 te parece esta idea?<\/strong><\/em><\/p>\n<\/div><\/div>\n\n\n\n<div class=\"wp-block-media-text alignwide has-media-on-the-right is-stacked-on-mobile is-vertically-aligned-center\"><div class=\"wp-block-media-text__content\">\n<p><mark style=\"background-color:rgba(0, 0, 0, 0)\" class=\"has-inline-color has-ast-global-color-8-color\"><strong>AFJM, Delegaci\u00f3n de \u00c1frica: Camer\u00fan, Gab\u00f3n, Guinea Ecuatorial y Nigeria<\/strong> &#8211;<\/mark> Actualmente hay 7 grupos. Est\u00e1n en 4 pa\u00edses distintos y se comunican en \u00a13 idiomas distintos, adem\u00e1s de los idiomas propios de cada pa\u00eds! Los miembros est\u00e1n al servicio de los dem\u00e1s.<\/p>\n\n\n\n<p><em>Tienen muchos deseos de crecer y conocer grupos de AFJM de otros continentes. <\/em><\/p>\n\n\n\n<p><strong><em>\u00bfTe gustar\u00eda encontrarse con grupos de AFJM de otros pa\u00edses y continentes?<\/em><\/strong><\/p>\n<\/div><figure class=\"wp-block-media-text__media\"><img decoding=\"async\" width=\"1024\" height=\"707\" src=\"https:\/\/afjminternacional.com\/wp-content\/uploads\/2023\/03\/2-Con-AFJM-Africa-1024x707.jpg\" alt=\"\" class=\"wp-image-1660 size-full\" srcset=\"https:\/\/afjminternacional.com\/wp-content\/uploads\/2023\/03\/2-Con-AFJM-Africa-1024x707.jpg 1024w, https:\/\/afjminternacional.com\/wp-content\/uploads\/2023\/03\/2-Con-AFJM-Africa-300x207.jpg 300w, https:\/\/afjminternacional.com\/wp-content\/uploads\/2023\/03\/2-Con-AFJM-Africa-768x530.jpg 768w, https:\/\/afjminternacional.com\/wp-content\/uploads\/2023\/03\/2-Con-AFJM-Africa-600x414.jpg 600w, https:\/\/afjminternacional.com\/wp-content\/uploads\/2023\/03\/2-Con-AFJM-Africa-940x649.jpg 940w, https:\/\/afjminternacional.com\/wp-content\/uploads\/2023\/03\/2-Con-AFJM-Africa.jpg 1059w\" sizes=\"(max-width: 1024px) 100vw, 1024px\" \/><\/figure><\/div>\n\n\n\n<div class=\"wp-block-media-text alignwide is-stacked-on-mobile\" style=\"grid-template-columns:57% auto\"><figure class=\"wp-block-media-text__media\"><img decoding=\"async\" width=\"1024\" height=\"547\" src=\"https:\/\/afjminternacional.com\/wp-content\/uploads\/2023\/03\/3-Con-AFJM-Delhi-1024x547.jpg\" alt=\"\" class=\"wp-image-1661 size-full\" srcset=\"https:\/\/afjminternacional.com\/wp-content\/uploads\/2023\/03\/3-Con-AFJM-Delhi-1024x547.jpg 1024w, https:\/\/afjminternacional.com\/wp-content\/uploads\/2023\/03\/3-Con-AFJM-Delhi-300x160.jpg 300w, https:\/\/afjminternacional.com\/wp-content\/uploads\/2023\/03\/3-Con-AFJM-Delhi-768x411.jpg 768w, https:\/\/afjminternacional.com\/wp-content\/uploads\/2023\/03\/3-Con-AFJM-Delhi-600x321.jpg 600w, https:\/\/afjminternacional.com\/wp-content\/uploads\/2023\/03\/3-Con-AFJM-Delhi-1214x649.jpg 1214w, https:\/\/afjminternacional.com\/wp-content\/uploads\/2023\/03\/3-Con-AFJM-Delhi.jpg 1300w\" sizes=\"(max-width: 1024px) 100vw, 1024px\" \/><\/figure><div class=\"wp-block-media-text__content\">\n<p><strong>AFJM, Delhi Province, India <\/strong>&#8211; Actualmente somos 9 grupos. Los responsables de grupos se encuentran cada 2 meses para compartir la vida de la AFJM en la Provincia. Los miembros participan activamente en la vida de sus parroquias, tienen seminarios de formaci\u00f3n juntos, les gusta rezar juntos.<\/p>\n\n\n\n<p><em>Desean poner el acento en la formaci\u00f3n, en c\u00f3mo ser Claudina hoy.<\/em><\/p>\n\n\n\n<p class=\"has-text-align-left\"><em><strong>\u00bfTe parece que es importante cuidar nuestra formaci\u00f3n personal?<\/strong><\/em><\/p>\n<\/div><\/div>\n","protected":false},"excerpt":{"rendered":"<p>Mes de Marzo En este mes empezamos nuestros peque\u00f1os encuentros con los responsables de la AFJM a nivel provincial. \u00a1Estamos muy contentas! Nos hemos podido acercar m\u00e1s a la realidad de la AFJM en cada Provincia y Delegaci\u00f3n y pensar juntas nuevas propuestas para revitalizar la AFJM. Consuelo Mengual y Alejandra rjm AFJM, Pune Province, [&hellip;]<\/p>\n","protected":false},"author":1,"featured_media":1667,"comment_status":"open","ping_status":"open","sticky":false,"template":"","format":"standard","meta":{"site-sidebar-layout":"default","site-content-layout":"default","ast-site-content-layout":"default","site-content-style":"default","site-sidebar-style":"default","ast-global-header-display":"","ast-banner-title-visibility":"","ast-main-header-display":"","ast-hfb-above-header-display":"","ast-hfb-below-header-display":"","ast-hfb-mobile-header-display":"","site-post-title":"","ast-breadcrumbs-content":"","ast-featured-img":"","footer-sml-layout":"","theme-transparent-header-meta":"default","adv-header-id-meta":"","stick-header-meta":"","header-above-stick-meta":"","header-main-stick-meta":"","header-below-stick-meta":"","astra-migrate-meta-layouts":"default","ast-page-background-enabled":"default","ast-page-background-meta":{"desktop":{"background-color":"var(--ast-global-color-4)","background-image":"","background-repeat":"repeat","background-position":"center center","background-size":"auto","background-attachment":"scroll","background-type":"","background-media":"","overlay-type":"","overlay-color":"","overlay-opacity":"","overlay-gradient":""},"tablet":{"background-color":"","background-image":"","background-repeat":"repeat","background-position":"center center","background-size":"auto","background-attachment":"scroll","background-type":"","background-media":"","overlay-type":"","overlay-color":"","overlay-opacity":"","overlay-gradient":""},"mobile":{"background-color":"","background-image":"","background-repeat":"repeat","background-position":"center center","background-size":"auto","background-attachment":"scroll","background-type":"","background-media":"","overlay-type":"","overlay-color":"","overlay-opacity":"","overlay-gradient":""}},"ast-content-background-meta":{"desktop":{"background-color":"var(--ast-global-color-5)","background-image":"","background-repeat":"repeat","background-position":"center center","background-size":"auto","background-attachment":"scroll","background-type":"","background-media":"","overlay-type":"","overlay-color":"","overlay-opacity":"","overlay-gradient":""},"tablet":{"background-color":"var(--ast-global-color-5)","background-image":"","background-repeat":"repeat","background-position":"center center","background-size":"auto","background-attachment":"scroll","background-type":"","background-media":"","overlay-type":"","overlay-color":"","overlay-opacity":"","overlay-gradient":""},"mobile":{"background-color":"var(--ast-global-color-5)","background-image":"","background-repeat":"repeat","background-position":"center center","background-size":"auto","background-attachment":"scroll","background-type":"","background-media":"","overlay-type":"","overlay-color":"","overlay-opacity":"","overlay-gradient":""}},"footnotes":""},"categories":[5],"tags":[10],"class_list":["post-1653","post","type-post","status-publish","format-standard","has-post-thumbnail","hentry","category-noticias","tag-responsablesafjm"],"aioseo_notices":[],"_links":{"self":[{"href":"https:\/\/afjminternacional.com\/index.php?rest_route=\/wp\/v2\/posts\/1653","targetHints":{"allow":["GET"]}}],"collection":[{"href":"https:\/\/afjminternacional.com\/index.php?rest_route=\/wp\/v2\/posts"}],"about":[{"href":"https:\/\/afjminternacional.com\/index.php?rest_route=\/wp\/v2\/types\/post"}],"author":[{"embeddable":true,"href":"https:\/\/afjminternacional.com\/index.php?rest_route=\/wp\/v2\/users\/1"}],"replies":[{"embeddable":true,"href":"https:\/\/afjminternacional.com\/index.php?rest_route=%2Fwp%2Fv2%2Fcomments&post=1653"}],"version-history":[{"count":11,"href":"https:\/\/afjminternacional.com\/index.php?rest_route=\/wp\/v2\/posts\/1653\/revisions"}],"predecessor-version":[{"id":1673,"href":"https:\/\/afjminternacional.com\/index.php?rest_route=\/wp\/v2\/posts\/1653\/revisions\/1673"}],"wp:featuredmedia":[{"embeddable":true,"href":"https:\/\/afjminternacional.com\/index.php?rest_route=\/wp\/v2\/media\/1667"}],"wp:attachment":[{"href":"https:\/\/afjminternacional.com\/index.php?rest_route=%2Fwp%2Fv2%2Fmedia&parent=1653"}],"wp:term":[{"taxonomy":"category","embeddable":true,"href":"https:\/\/afjminternacional.com\/index.php?rest_route=%2Fwp%2Fv2%2Fcategories&post=1653"},{"taxonomy":"post_tag","embeddable":true,"href":"https:\/\/afjminternacional.com\/index.php?rest_route=%2Fwp%2Fv2%2Ftags&post=1653"}],"curies":[{"name":"wp","href":"https:\/\/api.w.org\/{rel}","templated":true}]}}