{"id":1618,"date":"2023-03-15T00:48:47","date_gmt":"2023-03-15T00:48:47","guid":{"rendered":"https:\/\/afjminternacional.com\/?p=1618"},"modified":"2023-03-15T00:55:13","modified_gmt":"2023-03-15T00:55:13","slug":"viceprovincia-andina","status":"publish","type":"post","link":"https:\/\/afjminternacional.com\/?p=1618","title":{"rendered":"VICEPROVINCIA ANDINA"},"content":{"rendered":"\n<p>Este 25 de Febrero vivimos una experiencia de familia apost\u00f3lica, la uni\u00f3n de tres pa\u00edses en una sola Viceprovincia, les compartimos algunas im\u00e1genes de este hermoso acontecimiento. Damos gracias a Dios por el gobierno Viceprovincial que guiar\u00e1 esta nueva etapa: H. Mar\u00eda Eugenia Echavarria c\u00f3mo viceprovincial y las Hermanas Mary Furuya y Nancy Arratia!<\/p>\n\n\n\n<p>Congregaci\u00f3n Jes\u00fas-Mar\u00eda<\/p>\n\n\n\n<figure class=\"wp-block-gallery has-nested-images columns-default is-cropped wp-block-gallery-1 is-layout-flex wp-block-gallery-is-layout-flex\">\n<figure class=\"wp-block-image size-full\"><img fetchpriority=\"high\" decoding=\"async\" width=\"720\" height=\"985\" data-id=\"1623\" src=\"https:\/\/afjminternacional.com\/wp-content\/uploads\/2023\/03\/Viceprovincia-Andina-2.jpg\" alt=\"\" class=\"wp-image-1623\" srcset=\"https:\/\/afjminternacional.com\/wp-content\/uploads\/2023\/03\/Viceprovincia-Andina-2.jpg 720w, https:\/\/afjminternacional.com\/wp-content\/uploads\/2023\/03\/Viceprovincia-Andina-2-219x300.jpg 219w, https:\/\/afjminternacional.com\/wp-content\/uploads\/2023\/03\/Viceprovincia-Andina-2-585x800.jpg 585w, https:\/\/afjminternacional.com\/wp-content\/uploads\/2023\/03\/Viceprovincia-Andina-2-474x649.jpg 474w\" sizes=\"(max-width: 720px) 100vw, 720px\" \/><\/figure>\n\n\n\n<figure class=\"wp-block-image size-full\"><img decoding=\"async\" width=\"1280\" height=\"960\" data-id=\"1624\" src=\"https:\/\/afjminternacional.com\/wp-content\/uploads\/2023\/03\/Viceprovincia-Andina..jpg\" alt=\"\" class=\"wp-image-1624\" srcset=\"https:\/\/afjminternacional.com\/wp-content\/uploads\/2023\/03\/Viceprovincia-Andina..jpg 1280w, https:\/\/afjminternacional.com\/wp-content\/uploads\/2023\/03\/Viceprovincia-Andina.-300x225.jpg 300w, https:\/\/afjminternacional.com\/wp-content\/uploads\/2023\/03\/Viceprovincia-Andina.-1024x768.jpg 1024w, https:\/\/afjminternacional.com\/wp-content\/uploads\/2023\/03\/Viceprovincia-Andina.-768x576.jpg 768w, https:\/\/afjminternacional.com\/wp-content\/uploads\/2023\/03\/Viceprovincia-Andina.-600x450.jpg 600w, https:\/\/afjminternacional.com\/wp-content\/uploads\/2023\/03\/Viceprovincia-Andina.-865x649.jpg 865w\" sizes=\"(max-width: 1280px) 100vw, 1280px\" \/><\/figure>\n\n\n\n<figure class=\"wp-block-image size-full\"><img decoding=\"async\" width=\"1280\" height=\"960\" data-id=\"1625\" src=\"https:\/\/afjminternacional.com\/wp-content\/uploads\/2023\/03\/Viceprovincia-Andina.jpg\" alt=\"\" class=\"wp-image-1625\" srcset=\"https:\/\/afjminternacional.com\/wp-content\/uploads\/2023\/03\/Viceprovincia-Andina.jpg 1280w, https:\/\/afjminternacional.com\/wp-content\/uploads\/2023\/03\/Viceprovincia-Andina-300x225.jpg 300w, https:\/\/afjminternacional.com\/wp-content\/uploads\/2023\/03\/Viceprovincia-Andina-1024x768.jpg 1024w, https:\/\/afjminternacional.com\/wp-content\/uploads\/2023\/03\/Viceprovincia-Andina-768x576.jpg 768w, https:\/\/afjminternacional.com\/wp-content\/uploads\/2023\/03\/Viceprovincia-Andina-600x450.jpg 600w, https:\/\/afjminternacional.com\/wp-content\/uploads\/2023\/03\/Viceprovincia-Andina-865x649.jpg 865w\" sizes=\"(max-width: 1280px) 100vw, 1280px\" \/><\/figure>\n<\/figure>\n","protected":false},"excerpt":{"rendered":"<p>Este 25 de Febrero vivimos una experiencia de familia apost\u00f3lica, la uni\u00f3n de tres pa\u00edses en una sola Viceprovincia, les compartimos algunas im\u00e1genes de este hermoso acontecimiento. Damos gracias a Dios por el gobierno Viceprovincial que guiar\u00e1 esta nueva etapa: H. Mar\u00eda Eugenia Echavarria c\u00f3mo viceprovincial y las Hermanas Mary Furuya y Nancy Arratia! Congregaci\u00f3n [&hellip;]<\/p>\n","protected":false},"author":1,"featured_media":1619,"comment_status":"open","ping_status":"open","sticky":false,"template":"","format":"standard","meta":{"site-sidebar-layout":"default","site-content-layout":"default","ast-site-content-layout":"default","site-content-style":"default","site-sidebar-style":"default","ast-global-header-display":"","ast-banner-title-visibility":"","ast-main-header-display":"","ast-hfb-above-header-display":"","ast-hfb-below-header-display":"","ast-hfb-mobile-header-display":"","site-post-title":"","ast-breadcrumbs-content":"","ast-featured-img":"","footer-sml-layout":"","theme-transparent-header-meta":"default","adv-header-id-meta":"","stick-header-meta":"","header-above-stick-meta":"","header-main-stick-meta":"","header-below-stick-meta":"","astra-migrate-meta-layouts":"default","ast-page-background-enabled":"default","ast-page-background-meta":{"desktop":{"background-color":"var(--ast-global-color-4)","background-image":"","background-repeat":"repeat","background-position":"center center","background-size":"auto","background-attachment":"scroll","background-type":"","background-media":"","overlay-type":"","overlay-color":"","overlay-opacity":"","overlay-gradient":""},"tablet":{"background-color":"","background-image":"","background-repeat":"repeat","background-position":"center center","background-size":"auto","background-attachment":"scroll","background-type":"","background-media":"","overlay-type":"","overlay-color":"","overlay-opacity":"","overlay-gradient":""},"mobile":{"background-color":"","background-image":"","background-repeat":"repeat","background-position":"center center","background-size":"auto","background-attachment":"scroll","background-type":"","background-media":"","overlay-type":"","overlay-color":"","overlay-opacity":"","overlay-gradient":""}},"ast-content-background-meta":{"desktop":{"background-color":"var(--ast-global-color-5)","background-image":"","background-repeat":"repeat","background-position":"center center","background-size":"auto","background-attachment":"scroll","background-type":"","background-media":"","overlay-type":"","overlay-color":"","overlay-opacity":"","overlay-gradient":""},"tablet":{"background-color":"var(--ast-global-color-5)","background-image":"","background-repeat":"repeat","background-position":"center center","background-size":"auto","background-attachment":"scroll","background-type":"","background-media":"","overlay-type":"","overlay-color":"","overlay-opacity":"","overlay-gradient":""},"mobile":{"background-color":"var(--ast-global-color-5)","background-image":"","background-repeat":"repeat","background-position":"center center","background-size":"auto","background-attachment":"scroll","background-type":"","background-media":"","overlay-type":"","overlay-color":"","overlay-opacity":"","overlay-gradient":""}},"footnotes":""},"categories":[5],"tags":[],"class_list":["post-1618","post","type-post","status-publish","format-standard","has-post-thumbnail","hentry","category-noticias"],"aioseo_notices":[],"_links":{"self":[{"href":"https:\/\/afjminternacional.com\/index.php?rest_route=\/wp\/v2\/posts\/1618","targetHints":{"allow":["GET"]}}],"collection":[{"href":"https:\/\/afjminternacional.com\/index.php?rest_route=\/wp\/v2\/posts"}],"about":[{"href":"https:\/\/afjminternacional.com\/index.php?rest_route=\/wp\/v2\/types\/post"}],"author":[{"embeddable":true,"href":"https:\/\/afjminternacional.com\/index.php?rest_route=\/wp\/v2\/users\/1"}],"replies":[{"embeddable":true,"href":"https:\/\/afjminternacional.com\/index.php?rest_route=%2Fwp%2Fv2%2Fcomments&post=1618"}],"version-history":[{"count":2,"href":"https:\/\/afjminternacional.com\/index.php?rest_route=\/wp\/v2\/posts\/1618\/revisions"}],"predecessor-version":[{"id":1627,"href":"https:\/\/afjminternacional.com\/index.php?rest_route=\/wp\/v2\/posts\/1618\/revisions\/1627"}],"wp:featuredmedia":[{"embeddable":true,"href":"https:\/\/afjminternacional.com\/index.php?rest_route=\/wp\/v2\/media\/1619"}],"wp:attachment":[{"href":"https:\/\/afjminternacional.com\/index.php?rest_route=%2Fwp%2Fv2%2Fmedia&parent=1618"}],"wp:term":[{"taxonomy":"category","embeddable":true,"href":"https:\/\/afjminternacional.com\/index.php?rest_route=%2Fwp%2Fv2%2Fcategories&post=1618"},{"taxonomy":"post_tag","embeddable":true,"href":"https:\/\/afjminternacional.com\/index.php?rest_route=%2Fwp%2Fv2%2Ftags&post=1618"}],"curies":[{"name":"wp","href":"https:\/\/api.w.org\/{rel}","templated":true}]}}